{"id":10097,"date":"2020-07-23T08:00:57","date_gmt":"2020-07-23T11:00:57","guid":{"rendered":"https:\/\/www.unicesumar.edu.br\/blog\/?p=10097"},"modified":"2025-08-26T16:10:09","modified_gmt":"2025-08-26T19:10:09","slug":"etica-profissional","status":"publish","type":"post","link":"https:\/\/www.unicesumar.edu.br\/blog\/etica-profissional\/","title":{"rendered":"A import\u00e2ncia da forma\u00e7\u00e3o da \u00e9tica profissional desde a gradua\u00e7\u00e3o"},"content":{"rendered":"<p>Quando <a href=\"https:\/\/www.unicesumar.edu.br\/blog\/como-escolher-o-curso-certo\/\" target=\"_blank\" rel=\"noopener noreferrer\">escolher uma profiss\u00e3o<\/a>, voc\u00ea n\u00e3o vai passar a agir da maneira correta, de acordo com os valores do cargo, por um passe de m\u00e1gica. \u00c9 por isso que a \u00e9tica profissional \u00e9 t\u00e3o importante e deve ser parte da <a href=\"https:\/\/www.unicesumar.edu.br\/blog\/capacitacao-profissional\/\" target=\"_blank\" rel=\"noopener noreferrer\">capacita\u00e7\u00e3o profissional<\/a>.<\/p>\n<p>Em alguns casos, ao n\u00e3o atuar de forma adequada voc\u00ea pode at\u00e9 sofrer puni\u00e7\u00f5es ou perder seu registro profissional, sabia? O fato \u00e9 que, para aprender, faz toda a diferen\u00e7a <a href=\"https:\/\/www.unicesumar.edu.br\/blog\/como-escolher-uma-faculdade\/\" target=\"_blank\" rel=\"noopener noreferrer\">optar por uma institui\u00e7\u00e3o de ensino superior<\/a> que leve o c\u00f3digo de \u00e9tica de cada uma das profiss\u00f5es realmente a s\u00e9rio.<\/p>\n<p>Para voc\u00ea j\u00e1 come\u00e7ar a se acostumar com a ideia, preparamos este post sobre a \u00e9tica profissional. Voc\u00ea vai aprender como cultiv\u00e1-la e de que modo pode se beneficiar ao carreg\u00e1-la consigo em sua carreira. Acompanhe a seguir!<\/p>\n<h2>O que \u00e9 \u00e9tica profissional?<\/h2>\n<p>O termo \u201c\u00e9tica\u201d tem origem no grego <em>ethik\u00e9<\/em>, uma parte da Filosofia que se dedica a entender e buscar aquilo que \u00e9 moralmente correto. Com isso, ela acaba moldando o comportamento das pessoas e da sociedade como um todo.<\/p>\n<p>A \u00e9tica profissional, assim, \u00e9 entendida como um conjunto de par\u00e2metros que guiam atitudes corretas e honestas em uma profiss\u00e3o ou empresa. Para facilitar que tais preceitos sejam seguidos, cada ramo conta com seus c\u00f3digos de \u00e9tica. Da mesma forma, toda empresa tamb\u00e9m tem o seu.<\/p>\n<p>A \u00e9tica \u00e9 um conceito amplo e que pode ser refletido em diversas situa\u00e7\u00f5es no dia a dia. Nesse sentido, no que se refere ao \u00e2mbito empresarial, o c\u00f3digo de \u00e9tica profissional \u00e9 voltado de forma espec\u00edfica para cada \u00e1rea de atua\u00e7\u00e3o.<\/p>\n<p>O objetivo principal \u00e9 moldar os profissionais para que ajam sempre de maneira correta e saibam lidar com os desafios que vir\u00e3o. Na Medicina, por exemplo, o <a href=\"http:\/\/portal.cfm.org.br\/images\/PDF\/cem2019.pdf\" target=\"_blank\" rel=\"noopener noreferrer\">c\u00f3digo de \u00e9tica<\/a> diz que essa profiss\u00e3o deve estar \u201ca servi\u00e7o da sa\u00fade do ser humano e da coletividade e ser\u00e1 exercida sem discrimina\u00e7\u00e3o de nenhuma natureza\u201d.<\/p>\n<p>J\u00e1 no Jornalismo, um dos <a href=\"http:\/\/www.abi.org.br\/institucional\/legislacao\/codigo-de-etica-dos-jornalistas-brasileiros\/\" target=\"_blank\" rel=\"noopener noreferrer\">trechos mais b\u00e1sicos<\/a> e importantes do seu c\u00f3digo de \u00e9tica fala que \u201ca divulga\u00e7\u00e3o da informa\u00e7\u00e3o, precisa e correta, \u00e9 dever dos meios de divulga\u00e7\u00e3o p\u00fablica\u201d. Tamb\u00e9m \u00e9 papel dos jornalistas transmitir aquilo que seja de interesse p\u00fablico e conceder direito de resposta \u00e0s partes atingidas.<\/p>\n<p>Quando falamos do Direito, o <a href=\"http:\/\/www.planalto.gov.br\/ccivil_03\/leis\/l8906.htm#:~:text=O%20C%C3%B3digo%20de%20%C3%89tica%20e,e%20os%20respectivos%20procedimentos%20disciplinares.\" target=\"_blank\" rel=\"noopener noreferrer\">c\u00f3digo da Sociedade dos Advogados<\/a> cita que os profissionais de \u201cuma mesma sociedade n\u00e3o podem representar em ju\u00edzo clientes de interesses opostos\u201d. Al\u00e9m disso, por exemplo, um advogado que n\u00e3o \u00e9 graduado no Brasil vai precisar de uma prova para trabalhar em nosso pa\u00eds.<\/p>\n<p>Estudar o c\u00f3digo de \u00e9tica da sua futura profiss\u00e3o vai fazer com que voc\u00ea seja um profissional mais centrado em seus deveres e consciente das necessidades de seu cargo. Por fim, isso acaba fazendo com que seus diferenciais competitivos evoluam bastante, levando seu curr\u00edculo a se sobressair no mercado.<\/p>\n<h2>Qual \u00e9 a rela\u00e7\u00e3o entre moral e \u00e9tica profissional?<\/h2>\n<p>Voc\u00ea pode at\u00e9 achar que essas s\u00e3o palavras sin\u00f4nimas, certo? Mas, na verdade, seus conceitos s\u00e3o complementares. Vamos explicar de uma forma mais clara: para a Filosofia, a \u00e9tica diz respeito aos conhecimentos que chegam por meio da investiga\u00e7\u00e3o do comportamento humano \u2014 ou, no caso, da profiss\u00e3o.<\/p>\n<p>Enquanto isso, a moral fala sobre a aplica\u00e7\u00e3o desses conhecimentos no dia a dia, seja da profiss\u00e3o, da empresa ou de termos mais abrangentes, como comportamentos que guiam a nossa sociedade.<\/p>\n<p>Trazendo para a pr\u00e1tica profissional, especificamente para o Jornalismo, a \u00e9tica diz que todos t\u00eam direito de resposta, certo? E um comportamento baseado nesse c\u00f3digo \u00e9 dar o direito de resposta a uma pessoa ou entidade mesmo sabendo que esta tem valores diferentes do \u00f3rg\u00e3o de comunica\u00e7\u00e3o.<\/p>\n<p>Resumindo: moral \u00e9 colocar em pr\u00e1tica o que prega o c\u00f3digo de \u00e9tica profissional. Afinal, de que adianta saber o que \u00e9 certo, mas n\u00e3o aplicar, n\u00e3o \u00e9 mesmo?<\/p>\n<h2>Quais s\u00e3o os benef\u00edcios que a \u00e9tica traz para o mercado?<\/h2>\n<p>Quando voc\u00ea age com \u00e9tica profissional, ajuda o ambiente de trabalho a evoluir, fazendo com que voc\u00ea cres\u00e7a aos olhos das lideran\u00e7as. Mas essa postura vai al\u00e9m, porque ajuda a:<\/p>\n<ul>\n<li>facilitar a constru\u00e7\u00e3o de uma boa reputa\u00e7\u00e3o profissional \u2014 seu networking agradece;<\/li>\n<li>melhorar o ambiente de trabalho, ampliando o coleguismo;<\/li>\n<li>trazer mais clareza aos processos;<\/li>\n<li>evitar fofocas, por exemplo, que fazem com que o ambiente se torne pesado.<\/li>\n<\/ul>\n<p><iframe loading=\"lazy\" width=\"560\" height=\"315\" src=\"https:\/\/www.youtube.com\/embed\/A8fjaXLz1fI\" title=\"YouTube video player\" frameborder=\"0\" allow=\"accelerometer; autoplay; clipboard-write; encrypted-media; gyroscope; picture-in-picture\" allowfullscreen=\"\"><\/iframe><\/p>\n<h2>Como a gradua\u00e7\u00e3o pode formar um profissional mais \u00e9tico?<\/h2>\n<p>Uma coisa \u00e9 certa: voc\u00ea n\u00e3o tem que esperar uma <a href=\"https:\/\/www.unicesumar.edu.br\/blog\/oportunidades-de-trabalho\/\" target=\"_blank\" rel=\"noopener noreferrer\">oportunidade de trabalho<\/a> chegar para se preocupar com a \u00e9tica profissional. Quanto antes come\u00e7ar a entender sobre o assunto, mais vai agir de acordo com os preceitos da profiss\u00e3o. E \u00e9 a\u00ed que entra o papel fundamental da gradua\u00e7\u00e3o.<\/p>\n<p>N\u00e3o importa qual curso de ensino superior voc\u00ea tenha escolhido, sua grade curricular deve estar vinculada \u00e0 inten\u00e7\u00e3o de formar futuros profissionais comprometidos com as responsabilidades, os valores e a \u00e9tica da carreira escolhida.<\/p>\n<p>Aprender com os <a href=\"https:\/\/www.unicesumar.edu.br\/blog\/importancia-de-bons-professores-nos-cursos-ead\/\" target=\"_blank\" rel=\"noopener noreferrer\">professores<\/a> \u00e9 uma maneira de j\u00e1 se familiarizar e agir de forma natural quanto aos valores \u00e9ticos da sua profiss\u00e3o. Al\u00e9m de uma disciplina espec\u00edfica sobre o assunto, \u00e9 interessante que debates sejam feitos e insights sejam passados com frequ\u00eancia.<\/p>\n<p>Vale dizer que, ao escolher uma <a href=\"https:\/\/www.unicesumar.edu.br\/blog\/diferenca-entre-ensino-remoto-e-ead\/\" target=\"_blank\" rel=\"noopener noreferrer\">forma\u00e7\u00e3o EAD<\/a>, as discuss\u00f5es s\u00e3o feitas de maneira virtual, mas existem do mesmo jeito.<\/p>\n<h2>Como construir um comportamento \u00e9tico?<\/h2>\n<p>Al\u00e9m de participar de debates e realizar leituras sobre o c\u00f3digo de \u00e9tica profissional, alguns cuidados fazem toda a diferen\u00e7a na constru\u00e7\u00e3o de um comportamento profissional \u00e9tico. Falamos deles na sequ\u00eancia!<\/p>\n<h3>Aja com respeito<\/h3>\n<p>Sabe a m\u00e1xima de n\u00e3o fazer aos outros o que n\u00e3o gostaria que fizessem a voc\u00ea? Pois \u00e9\u2026 Coloque isso em pr\u00e1tica na sua profiss\u00e3o, desde o est\u00e1gio, nunca puxando o tapete de colegas, sempre buscando a compreens\u00e3o etc.<\/p>\n<p>As palavras e as atitudes t\u00eam um peso enorme na vida de muitas pessoas, ou seja, um termo mal interpretado pode acabar com a vida de um colaborador. Ent\u00e3o, \u00e9 importante ser sempre gentil e educado com as pessoas que est\u00e3o ao seu redor. Quando for fazer algum tipo de cr\u00edtica, seja cauteloso e paciente.<\/p>\n<h3>Respeite a hierarquia da empresa<\/h3>\n<p>Independentemente de ter ou n\u00e3o amizade com os donos da empresa em que trabalha, \u00e9 preciso saber diferenciar as rela\u00e7\u00f5es e ter seriedade no ambiente profissional. Como? Respeitando as pessoas que est\u00e3o em cargos menores ou maiores que o seu. Somado a isso, \u00e9 preciso valorizar o trabalho de todos os membros da equipe, e n\u00e3o s\u00f3 daqueles que voc\u00ea tem uma maior proximidade.<\/p>\n<h3>Nunca tome para si os m\u00e9ritos do outro<\/h3>\n<p>Um dos pilares para ser um profissional \u00e9tico e que preze pela moral e boa conviv\u00eancia \u00e9 saber reconhecer e enaltecer o <a href=\"https:\/\/www.unicesumar.edu.br\/blog\/tipos-de-trabalho\/\" target=\"_blank\" rel=\"noopener noreferrer\">trabalho<\/a> do colega. Afinal, em uma empresa, cada colaborador tem os pontos fortes e suas <a href=\"https:\/\/www.unicesumar.edu.br\/blog\/habilidades-do-futuro\/\" target=\"_blank\" rel=\"noopener noreferrer\">habilidades<\/a>.<\/p>\n<p>Ent\u00e3o, \u00e9 importante que, no momento de finaliza\u00e7\u00e3o de um determinado processo, cada integrante seja recompensado pela sua tarefa. Um trabalho bem-feito \u00e9 aquele no qual todas as partes s\u00e3o valorizadas e recebem o cr\u00e9dito merecido.<\/p>\n<h3>Seja confi\u00e1vel<\/h3>\n<p>A confian\u00e7a \u00e9 estabelecida em atitudes simples, como ao cumprir hor\u00e1rios e prazos e agir proativamente. Atuar com transpar\u00eancia tamb\u00e9m ajuda bastante.<\/p>\n<h3>Tenha honestidade<\/h3>\n<p>A honestidade \u00e9 uma das principais qualidades de um profissional, independentemente de qual for o seu cargo, seja dentro ou fora do ambiente de trabalho. Portanto, seja sincero com os colegas e n\u00e3o tente se beneficiar em todas as situa\u00e7\u00f5es e menosprezar o trabalho do colega visando ter mais visibilidade frente aos patr\u00f5es ou pessoas com cargos mais elevados.<\/p>\n<h3>Fa\u00e7a autocr\u00edticas<\/h3>\n<p>A gente sempre pode evoluir em nossos relacionamentos. Por\u00e9m, um dos melhores caminhos para isso s\u00e3o as autocr\u00edticas, entendendo como voc\u00ea pode melhorar e aperfei\u00e7oar suas atitudes.<\/p>\n<h3>Ofere\u00e7a e aceite feedforwards<\/h3>\n<p>Seu colega de trabalho fez algo que n\u00e3o foi muito cordial? O melhor \u00e9 oferecer um feedforward a ele, ou seja, falar sobre o que incomodou e como ele pode agir da melhor maneira em momentos futuros. Tamb\u00e9m esteja aberto aos feedbacks gerais e use-os em sua autocr\u00edtica.<\/p>\n<h3>Reconhe\u00e7a o bom trabalho de terceiros<\/h3>\n<p>Reconhecer as qualidades do outro n\u00e3o \u00e9 se diminuir, sabia? Elogie e deixe de encarar todos como competidores. Afinal, se voc\u00ea faz o seu melhor, voc\u00ea fica em paz.<\/p>\n<h3>Conhe\u00e7a o c\u00f3digo de conduta da empresa<\/h3>\n<p>Isso \u00e9 b\u00e1sico e deve ser feito nos primeiros dias de firma. Assim, voc\u00ea pode agir de acordo com o que esperam de voc\u00ea naquele ambiente.<\/p>\n<h3>Desenvolva soft skills<\/h3>\n<p>Ter empatia, saber ouvir e contar com intelig\u00eancia emocional s\u00e3o habilidades bem-vistas no mercado. Corra atr\u00e1s de aperfei\u00e7o\u00e1-las por meio de cursos e palestras e tamb\u00e9m no dia a dia, ao enfrentar os pequenos percal\u00e7os.<\/p>\n<h2>E qual \u00e9 a real import\u00e2ncia de tudo isso?<\/h2>\n<p>Em uma sociedade marcada pela corrup\u00e7\u00e3o e desonestidade, os profissionais que zelam pela \u00e9tica e moral precisam ser valorizados e usados como refer\u00eancias para muitos jovens que est\u00e3o tentando entrar no mercado de trabalho. Logo, em termos de carreira, um profissional \u00e9tico, al\u00e9m de ter o respeito dos colegas e do l\u00edder, sem d\u00favida conseguir\u00e1 se destacar na fun\u00e7\u00e3o que desempenha.<\/p>\n<p>Somado a isso, falando agora da realidade empresarial, a atua\u00e7\u00e3o \u00e9tica e justa dos colaboradores cria um ambiente mais harmonioso e tranquilo, sem contar que o rendimento e a qualidade do trabalho tamb\u00e9m \u00e9 not\u00e1vel. Atitudes respons\u00e1veis ajudam tanto na forma\u00e7\u00e3o do car\u00e1ter do colaborador quanto no aumento do \u00edndice de satisfa\u00e7\u00e3o dos clientes.<\/p>\n<p>A \u00e9tica profissional come\u00e7a na escolha da faculdade, que deve ter aulas, debates e profissionais dedicados a essa postura. Mas tamb\u00e9m est\u00e1 na sua vontade de aprender mais e de se inteirar sobre sua profiss\u00e3o. Por isso, tenha atitudes proativas, leia sempre e pe\u00e7a ajuda aos seus professores.<\/p>\n<p>Gostou do conte\u00fado e das dicas? Ent\u00e3o, n\u00e3o perca tempo e aproveite para ler mais sobre os principais <a href=\"https:\/\/www.unicesumar.edu.br\/blog\/trabalhar-na-area-de-recursos-humanos\/\" target=\"_blank\" rel=\"noopener noreferrer\">motivos para trabalhar na \u00e1rea de Recursos Humanos<\/a>!<\/p>\n<p><a href=\"https:\/\/conteudo.unicesumar.edu.br\/soft-skills-e-mercado-de-trabalho\"><img loading=\"lazy\" class=\"alignnone size-full wp-image-10673\" src=\"https:\/\/www.unicesumar.edu.br\/blog\/wp-content\/uploads\/2021\/01\/CTA_O-que-sao-soft-skills_final.png\" alt=\"\" width=\"800\" height=\"200\" srcset=\"https:\/\/www.unicesumar.edu.br\/blog\/wp-content\/uploads\/2021\/01\/CTA_O-que-sao-soft-skills_final.png 800w, https:\/\/www.unicesumar.edu.br\/blog\/wp-content\/uploads\/2021\/01\/CTA_O-que-sao-soft-skills_final-300x75.png 300w, https:\/\/www.unicesumar.edu.br\/blog\/wp-content\/uploads\/2021\/01\/CTA_O-que-sao-soft-skills_final-768x192.png 768w, https:\/\/www.unicesumar.edu.br\/blog\/wp-content\/uploads\/2021\/01\/CTA_O-que-sao-soft-skills_final-600x150.png 600w, https:\/\/www.unicesumar.edu.br\/blog\/wp-content\/uploads\/2021\/01\/CTA_O-que-sao-soft-skills_final-400x100.png 400w\" sizes=\"(max-width: 800px) 100vw, 800px\" \/><\/a><\/p>\n\n\n<div class=\"kk-star-ratings kksr-auto kksr-align-left kksr-valign-bottom\"\n    data-payload='{&quot;align&quot;:&quot;left&quot;,&quot;id&quot;:&quot;10097&quot;,&quot;slug&quot;:&quot;default&quot;,&quot;valign&quot;:&quot;bottom&quot;,&quot;ignore&quot;:&quot;&quot;,&quot;reference&quot;:&quot;auto&quot;,&quot;class&quot;:&quot;&quot;,&quot;count&quot;:&quot;0&quot;,&quot;legendonly&quot;:&quot;&quot;,&quot;readonly&quot;:&quot;&quot;,&quot;score&quot;:&quot;0&quot;,&quot;starsonly&quot;:&quot;&quot;,&quot;best&quot;:&quot;5&quot;,&quot;gap&quot;:&quot;5&quot;,&quot;greet&quot;:&quot;Avalie este post&quot;,&quot;legend&quot;:&quot;0\\\/5 - (0 votes)&quot;,&quot;size&quot;:&quot;24&quot;,&quot;title&quot;:&quot;A import\\u00e2ncia da forma\\u00e7\\u00e3o da \\u00e9tica profissional desde a gradua\\u00e7\\u00e3o&quot;,&quot;width&quot;:&quot;0&quot;,&quot;_legend&quot;:&quot;{score}\\\/{best} - ({count} {votes})&quot;,&quot;font_factor&quot;:&quot;1.25&quot;}'>\n            \n<div class=\"kksr-stars\">\n    \n<div class=\"kksr-stars-inactive\">\n            <div class=\"kksr-star\" data-star=\"1\" style=\"padding-right: 5px\">\n            \n\n<div class=\"kksr-icon\" style=\"width: 24px; height: 24px;\"><\/div>\n        <\/div>\n            <div class=\"kksr-star\" data-star=\"2\" style=\"padding-right: 5px\">\n            \n\n<div class=\"kksr-icon\" style=\"width: 24px; height: 24px;\"><\/div>\n        <\/div>\n            <div class=\"kksr-star\" data-star=\"3\" style=\"padding-right: 5px\">\n            \n\n<div class=\"kksr-icon\" style=\"width: 24px; height: 24px;\"><\/div>\n        <\/div>\n            <div class=\"kksr-star\" data-star=\"4\" style=\"padding-right: 5px\">\n            \n\n<div class=\"kksr-icon\" style=\"width: 24px; height: 24px;\"><\/div>\n        <\/div>\n            <div class=\"kksr-star\" data-star=\"5\" style=\"padding-right: 5px\">\n            \n\n<div class=\"kksr-icon\" style=\"width: 24px; height: 24px;\"><\/div>\n        <\/div>\n    <\/div>\n    \n<div class=\"kksr-stars-active\" style=\"width: 0px;\">\n            <div class=\"kksr-star\" style=\"padding-right: 5px\">\n            \n\n<div class=\"kksr-icon\" style=\"width: 24px; height: 24px;\"><\/div>\n        <\/div>\n            <div class=\"kksr-star\" style=\"padding-right: 5px\">\n            \n\n<div class=\"kksr-icon\" style=\"width: 24px; height: 24px;\"><\/div>\n        <\/div>\n            <div class=\"kksr-star\" style=\"padding-right: 5px\">\n            \n\n<div class=\"kksr-icon\" style=\"width: 24px; height: 24px;\"><\/div>\n        <\/div>\n            <div class=\"kksr-star\" style=\"padding-right: 5px\">\n            \n\n<div class=\"kksr-icon\" style=\"width: 24px; height: 24px;\"><\/div>\n        <\/div>\n            <div class=\"kksr-star\" style=\"padding-right: 5px\">\n            \n\n<div class=\"kksr-icon\" style=\"width: 24px; height: 24px;\"><\/div>\n        <\/div>\n    <\/div>\n<\/div>\n                \n\n<div class=\"kksr-legend\" style=\"font-size: 19.2px;\">\n            <span class=\"kksr-muted\">Avalie este post<\/span>\n    <\/div>\n    <\/div>\n","protected":false},"excerpt":{"rendered":"<p>Quando escolher uma profiss\u00e3o, voc\u00ea n\u00e3o vai passar a agir da maneira correta, de acordo com os valores do cargo, por um passe de m\u00e1gica. \u00c9 por isso que a \u00e9tica profissional \u00e9 t\u00e3o importante e deve ser parte da capacita\u00e7\u00e3o profissional. Em alguns casos, ao n\u00e3o atuar de forma adequada voc\u00ea pode at\u00e9 sofrer [&hellip;]<\/p>\n","protected":false},"author":6,"featured_media":11398,"comment_status":"open","ping_status":"open","sticky":false,"template":"","format":"standard","meta":[],"categories":[714],"tags":[99,620,87,614,95],"_links":{"self":[{"href":"https:\/\/www.unicesumar.edu.br\/blog\/wp-json\/wp\/v2\/posts\/10097"}],"collection":[{"href":"https:\/\/www.unicesumar.edu.br\/blog\/wp-json\/wp\/v2\/posts"}],"about":[{"href":"https:\/\/www.unicesumar.edu.br\/blog\/wp-json\/wp\/v2\/types\/post"}],"author":[{"embeddable":true,"href":"https:\/\/www.unicesumar.edu.br\/blog\/wp-json\/wp\/v2\/users\/6"}],"replies":[{"embeddable":true,"href":"https:\/\/www.unicesumar.edu.br\/blog\/wp-json\/wp\/v2\/comments?post=10097"}],"version-history":[{"count":4,"href":"https:\/\/www.unicesumar.edu.br\/blog\/wp-json\/wp\/v2\/posts\/10097\/revisions"}],"predecessor-version":[{"id":11731,"href":"https:\/\/www.unicesumar.edu.br\/blog\/wp-json\/wp\/v2\/posts\/10097\/revisions\/11731"}],"wp:featuredmedia":[{"embeddable":true,"href":"https:\/\/www.unicesumar.edu.br\/blog\/wp-json\/wp\/v2\/media\/11398"}],"wp:attachment":[{"href":"https:\/\/www.unicesumar.edu.br\/blog\/wp-json\/wp\/v2\/media?parent=10097"}],"wp:term":[{"taxonomy":"category","embeddable":true,"href":"https:\/\/www.unicesumar.edu.br\/blog\/wp-json\/wp\/v2\/categories?post=10097"},{"taxonomy":"post_tag","embeddable":true,"href":"https:\/\/www.unicesumar.edu.br\/blog\/wp-json\/wp\/v2\/tags?post=10097"}],"curies":[{"name":"wp","href":"https:\/\/api.w.org\/{rel}","templated":true}]}}