{"id":12268,"date":"2022-10-03T09:00:00","date_gmt":"2022-10-03T12:00:00","guid":{"rendered":"https:\/\/www.unicesumar.edu.br\/blog\/?p=12268"},"modified":"2025-08-26T14:34:06","modified_gmt":"2025-08-26T17:34:06","slug":"licenciatura-em-musica-ead","status":"publish","type":"post","link":"https:\/\/www.unicesumar.edu.br\/blog\/licenciatura-em-musica-ead\/","title":{"rendered":"Licenciatura em M\u00fasica EAD: o que saber sobre esse curso?"},"content":{"rendered":"<p>Existem muitas possibilidades no mercado de trabalho para quem ama m\u00fasica. Muitas delas est\u00e3o na <strong>\u00e1rea educacional<\/strong>, com bastante espa\u00e7o para professores em cursos especializados ou na Educa\u00e7\u00e3o B\u00e1sica. Para aproveitar essas oportunidades, o curso de<a href=\"https:\/\/www.unicesumar.edu.br\/ead\/cursos-graduacao\/licenciatura-em-musica\/\" target=\"_blank\" rel=\"noopener\"> <strong>Licenciatura em M\u00fasica EAD<\/strong><\/a> \u00e9 ideal!<\/p>\n<p>Com ele, o futuro profissional lida com instrumentos, canto, reg\u00eancia e teoria musical, ao mesmo tempo em que \u00e9 preparado para o exerc\u00edcio da doc\u00eancia. Ali\u00e1s, se o seu sonho \u00e9 dar aulas, saiba que o grau de Licenciatura \u00e9 exigido em muitas fun\u00e7\u00f5es.<\/p>\n<p>Quer entender melhor como \u00e9 esse curso? Ent\u00e3o, continue a leitura!<\/p>\n<h2>Como funciona o curso de Licenciatura em M\u00fasica EAD?<\/h2>\n<p>O curso de Licenciatura em M\u00fasica EAD <strong>dura 4 anos e \u00e9 100% online<\/strong>. Isso quer dizer que tudo o que o aluno precisa para a sua forma\u00e7\u00e3o \u2014 aulas, materiais, atividades, f\u00f3runs, exerc\u00edcios e orienta\u00e7\u00f5es \u2014 \u00e9 disponibilizado por meio de um ambiente virtual de aprendizagem (AVA).<\/p>\n<p>Assim, voc\u00ea tem muito mais<strong> flexibilidade para organizar a sua rotina de estudos<\/strong>, j\u00e1 que n\u00e3o precisa comparecer presencialmente \u00e0 faculdade em dias e hor\u00e1rios predeterminados. Sem contar que, na <a href=\"https:\/\/www.unicesumar.edu.br\/blog\/8-caracteristicas-do-ensino-a-distancia-tudo-sobre-ead\/\" target=\"_blank\" rel=\"noopener\">educa\u00e7\u00e3o a dist\u00e2ncia<\/a>, s\u00e3o empregadas metodologias e tecnologias educacionais muito produtivas para a aprendizagem.<\/p>\n<h2>Para quem o curso \u00e9 indicado?<\/h2>\n<p>O curso \u00e9 indicado para quem deseja uma base te\u00f3rica forte na \u00e1rea de M\u00fasica e, sobretudo, para quem tem como foco ser um <a href=\"https:\/\/www.unicesumar.edu.br\/blog\/profissionais-da-educacao-a-fonte-primaria-de-todas-as-profissoes\/\" target=\"_blank\" rel=\"noopener\">profissional da educa\u00e7\u00e3o<\/a>. Embora os licenciados tamb\u00e9m possam explorar outras possibilidades no mercado de trabalho, <strong>esse grau de forma\u00e7\u00e3o \u00e9 necess\u00e1rio para dar aulas<\/strong>.<\/p>\n<p>J\u00e1 se voc\u00ea adora M\u00fasica, mas n\u00e3o se v\u00ea como docente, uma boa ideia \u00e9 optar pelo <a href=\"https:\/\/www.unicesumar.edu.br\/blog\/curso-design-musical\/\" target=\"_blank\" rel=\"noopener\">curso de Design Musical<\/a>. Ele traz a maioria das mat\u00e9rias que a Licenciatura tem, por\u00e9m, sem o eixo de disciplinas voltadas para a doc\u00eancia.&nbsp;<\/p>\n<h2>Quais s\u00e3o as mat\u00e9rias do curso?<\/h2>\n<p>Aqui na EAD UniCesumar, os cursos s\u00e3o divididos por m\u00f3dulos com <strong>apenas 2 ou 3 mat\u00e9rias por vez<\/strong>, de modo que voc\u00ea pode se dedicar a elas com mais calma. Cada ano do curso compreende 4 m\u00f3dulos. Veja s\u00f3 o que voc\u00ea aprende em cada um!<\/p>\n<p><strong>1\u00ba m\u00f3dulo:<\/strong><\/p>\n<ul>\n<li>Hist\u00f3ria da M\u00fasica;<\/li>\n<li>Linguagem Musical: Aspectos Introdut\u00f3rios aos Elementos Musicais.<\/li>\n<\/ul>\n<p><strong>2\u00ba m\u00f3dulo:<\/strong><\/p>\n<ul>\n<li>Percep\u00e7\u00e3o Musical;<\/li>\n<li>Educa\u00e7\u00e3o Vocal: T\u00e9cnicas e Pr\u00e1ticas Vocais.<\/li>\n<\/ul>\n<p><strong>3\u00ba m\u00f3dulo:<\/strong><\/p>\n<ul>\n<li>Pr\u00e1tica de Ensino: Educa\u00e7\u00e3o Musical;<\/li>\n<li>Linguagem Musical: Teoria e Pr\u00e1tica dos Elementos Musicais;<\/li>\n<li>Mentoria: Instrumentos Harm\u00f4nicos e Mel\u00f3dicos I.<\/li>\n<\/ul>\n<p><strong>4\u00ba m\u00f3dulo:<\/strong><\/p>\n<ul>\n<li>Capta\u00e7\u00e3o, Grava\u00e7\u00e3o e Edi\u00e7\u00e3o de \u00c1udio;<\/li>\n<li>Edi\u00e7\u00e3o, Produ\u00e7\u00e3o Musical e Sonora;<\/li>\n<li>Mentoria: Instrumentos Harm\u00f4nicos e Mel\u00f3dicos II.<\/li>\n<\/ul>\n<p><strong>5\u00ba m\u00f3dulo:<\/strong><\/p>\n<ul>\n<li>Harmonia;<\/li>\n<li>Cria\u00e7\u00e3o Musical e Arranjo;<\/li>\n<li>Forma\u00e7\u00e3o Sociocultural e \u00c9tica I.<\/li>\n<\/ul>\n<p><strong>6\u00ba m\u00f3dulo:<\/strong><\/p>\n<ul>\n<li>Reg\u00eancia Plena: Coro e Orquestra;<\/li>\n<li>Sonoplastia e Produ\u00e7\u00e3o Audiovisual;<\/li>\n<li>Forma\u00e7\u00e3o Sociocultural e \u00c9tica II.<\/li>\n<\/ul>\n<p><strong>7\u00ba m\u00f3dulo:<\/strong><\/p>\n<ul>\n<li>Educa\u00e7\u00e3o Vocal: Canto Coletivo e Canto Coral;<\/li>\n<li>Projetos Musicais e Legisla\u00e7\u00e3o Autoral;<\/li>\n<li>Mentoria: Instrumentos de Sopro e Percuss\u00e3o.<\/li>\n<\/ul>\n<p><strong>8\u00ba m\u00f3dulo:<\/strong><\/p>\n<ul>\n<li>An\u00e1lise Musical;<\/li>\n<li>Ac\u00fastica, Masteriza\u00e7\u00e3o e Engenharia do Som;<\/li>\n<li>Mentoria: Pr\u00e1tica de Conjunto.<\/li>\n<\/ul>\n<p><strong>9\u00ba m\u00f3dulo:<\/strong><\/p>\n<ul>\n<li>Did\u00e1tica;<\/li>\n<li>Metodologia da Pesquisa Cient\u00edfica;<\/li>\n<li>Pr\u00e1tica de Ensino: Campos de Experi\u00eancia, Linguagens e Suas Tecnologias no Ensino Musical.<\/li>\n<\/ul>\n<p><strong>10\u00ba m\u00f3dulo:<\/strong><\/p>\n<ul>\n<li>Fundamentos Hist\u00f3ricos e Filos\u00f3ficos da Educa\u00e7\u00e3o;<\/li>\n<li>Pr\u00e1tica de Ensino: Pedagogias em Educa\u00e7\u00e3o Musical com \u00canfase na Ludicidade.<\/li>\n<\/ul>\n<p><strong>11\u00ba m\u00f3dulo:<\/strong><\/p>\n<ul>\n<li>Psicologia da Educa\u00e7\u00e3o;<\/li>\n<li>Educa\u00e7\u00e3o Inclusiva e Integra\u00e7\u00e3o Social;<\/li>\n<li>Est\u00e1gio Supervisionado I.<\/li>\n<\/ul>\n<p><strong>12\u00ba m\u00f3dulo:<\/strong><\/p>\n<ul>\n<li>Pol\u00edticas Educacionais e Organiza\u00e7\u00e3o da Educa\u00e7\u00e3o B\u00e1sica;<\/li>\n<li>Corpo, Dan\u00e7a, Express\u00e3o e Movimento;<\/li>\n<li>Est\u00e1gio Supervisionado II.<\/li>\n<\/ul>\n<p><strong>13\u00ba m\u00f3dulo:<\/strong><\/p>\n<ul>\n<li>Pr\u00e1tica de Ensino: Metodologias Inovadoras;<\/li>\n<li>Pr\u00e1tica de Ensino: Interdisciplinaridade e Experi\u00eancias Musicais;<\/li>\n<li>Est\u00e1gio Supervisionado III.<\/li>\n<\/ul>\n<p><strong>14\u00ba m\u00f3dulo:<\/strong><\/p>\n<ul>\n<li>Fundamentos Sociol\u00f3gicos e Antropol\u00f3gicos da Educa\u00e7\u00e3o;<\/li>\n<li>L\u00edngua Brasileira de Sinais (LIBRAS);<\/li>\n<li>Est\u00e1gio Supervisionado IV.<\/li>\n<\/ul>\n<p><strong>15\u00ba m\u00f3dulo:<\/strong><\/p>\n<ul>\n<li>Tend\u00eancias Educacionais Contempor\u00e2neas;<\/li>\n<li>M\u00fasica e Tecnologia.<\/li>\n<\/ul>\n<p><strong>16\u00ba m\u00f3dulo:<\/strong><\/p>\n<ul>\n<li>Etnomusicologia e Cultura Popular;<\/li>\n<li>Compet\u00eancias Socioemocionais.<\/li>\n<\/ul>\n<h2>Como o curso capacita o profissional?<\/h2>\n<p>Como deu para perceber, o curso de Licenciatura em M\u00fasica EAD traz toda a base te\u00f3rica e t\u00e9cnica que voc\u00ea precisa para trabalhar na \u00e1rea da M\u00fasica, independentemente de qual seja a sua prefer\u00eancia \u2014 design, composi\u00e7\u00e3o, canto, reg\u00eancia, instrumentos etc.<\/p>\n<p>Al\u00e9m disso, h\u00e1 uma parte da gradua\u00e7\u00e3o totalmente dedicada \u00e0 doc\u00eancia, em que voc\u00ea tem contato com conceitos, t\u00e9cnicas, metodologias e tecnologias utilizadas em <strong>processos de ensino-aprendizagem<\/strong>. Mais do que o aprendizado intelectual, o estudante tamb\u00e9m desenvolve <a href=\"https:\/\/www.unicesumar.edu.br\/blog\/habilidades-do-futuro\/\" target=\"_blank\" rel=\"noopener\">compet\u00eancias e habilidades<\/a> necess\u00e1rias para a profiss\u00e3o.<\/p>\n<p>Para preparar o aluno ainda mais, o curso conta com um est\u00e1gio supervisionado. Nele, h\u00e1 contato com a doc\u00eancia na \u00e1rea e os estudantes t\u00eam a oportunidade de <strong>colocar em pr\u00e1tica <\/strong>aquilo que aprenderam em sala de aula, sempre com a orienta\u00e7\u00e3o de professores.<\/p>\n<h2>Como anda o mercado de trabalho?<\/h2>\n<p>O <a href=\"https:\/\/www.unicesumar.edu.br\/blog\/ingressar-no-mercado-de-trabalho-sem-ter-experiencia\/\" target=\"_blank\" rel=\"noopener\">mercado de trabalho<\/a> \u00e9 bastante atrativo para os profissionais da m\u00fasica, sobretudo para quem quer dar aulas. Afinal, se voc\u00ea acompanha as novidades do mercado educacional, sabe que cada vez mais as autoridades e os especialistas defendem o desenvolvimento integral dos estudantes, o que est\u00e1 previsto at\u00e9 mesmo na Base Nacional Comum Curricular (BNCC).<\/p>\n<p>Isso quer dizer que a educa\u00e7\u00e3o vai al\u00e9m da sala de aula e <strong>cada vez mais s\u00e3o priorizadas atividades extracurriculares<\/strong> diversas que estimulem os pequenos amplamente. Por isso, a tend\u00eancia \u00e9 que as oportunidades para professores de m\u00fasica continuem crescendo no Brasil, n\u00e3o s\u00f3 na Educa\u00e7\u00e3o B\u00e1sica, mas em cursos especializados.<\/p>\n<p>Al\u00e9m disso, as pessoas que fazem gradua\u00e7\u00e3o em M\u00fasica podem atuar com:<\/p>\n<ul>\n<li>composi\u00e7\u00e3o e execu\u00e7\u00e3o musical;<\/li>\n<li>produ\u00e7\u00e3o e edi\u00e7\u00e3o (<a href=\"https:\/\/www.unicesumar.edu.br\/blog\/sound-designer\/\" target=\"_blank\" rel=\"noopener\"><em>sound design<\/em><\/a>);<\/li>\n<li>sonoplastia e composi\u00e7\u00e3o de trilhas sonoras no Audiovisual;<\/li>\n<li>empreendedorismo relacionado \u00e0 m\u00fasica (gravadoras, est\u00fadios, lojas de instrumentos etc.);<\/li>\n<li>pesquisa e doc\u00eancia no Ensino Superior.<\/li>\n<\/ul>\n<h2>Quais os diferenciais da EAD UniCesumar?<\/h2>\n<p>Gostou do que leu at\u00e9 aqui? Ent\u00e3o, n\u00e3o deixe de contar com a EAD UniCesumar para a sua forma\u00e7\u00e3o. Afinal, n\u00f3s somos <strong>a melhor EAD do Brasil <\/strong>de acordo com as avalia\u00e7\u00f5es do Minist\u00e9rio da Educa\u00e7\u00e3o. Isso<strong> faz toda a diferen\u00e7a <\/strong>no seu aproveitamento de curso e na inser\u00e7\u00e3o no mercado de trabalho.<\/p>\n<p>Alguns dos diferenciais da <a href=\"https:\/\/www.unicesumar.edu.br\/ead\/\" target=\"_blank\" rel=\"noopener\">EAD UniCesumar<\/a> s\u00e3o:<\/p>\n<ul>\n<li>infraestrutura completa;<\/li>\n<li>polos espalhados por todo Brasil e at\u00e9 no exterior;<\/li>\n<li>tecnologias educacionais supermodernas;<\/li>\n<li>professores com alta qualifica\u00e7\u00e3o;<\/li>\n<li>metodologias interativas e inovadoras;<\/li>\n<li>material did\u00e1tico exclusivo e 100% digital.<\/li>\n<\/ul>\n<p>Agora que voc\u00ea j\u00e1 conhece o curso de Licenciatura em M\u00fasica EAD, viu que essa \u00e9 uma excelente pedida para quem ama essa arte e deseja atuar no ramo educacional, n\u00e3o \u00e9? Al\u00e9m disso, o curso tamb\u00e9m abre outras possibilidades no mercado de trabalho.<\/p>\n<p>Ent\u00e3o,<a href=\"https:\/\/www.unicesumar.edu.br\/ead\/cursos-graduacao\/licenciatura-em-musica\/\" target=\"_blank\" rel=\"noopener\"> inscreva-se j\u00e1 no curso de Licenciatura em M\u00fasica EAD<\/a> e d\u00ea o primeiro passo na constru\u00e7\u00e3o da sua carreira!<\/p>\n\n\n<div class=\"kk-star-ratings kksr-auto kksr-align-left kksr-valign-bottom\"\n    data-payload='{&quot;align&quot;:&quot;left&quot;,&quot;id&quot;:&quot;12268&quot;,&quot;slug&quot;:&quot;default&quot;,&quot;valign&quot;:&quot;bottom&quot;,&quot;ignore&quot;:&quot;&quot;,&quot;reference&quot;:&quot;auto&quot;,&quot;class&quot;:&quot;&quot;,&quot;count&quot;:&quot;1&quot;,&quot;legendonly&quot;:&quot;&quot;,&quot;readonly&quot;:&quot;&quot;,&quot;score&quot;:&quot;5&quot;,&quot;starsonly&quot;:&quot;&quot;,&quot;best&quot;:&quot;5&quot;,&quot;gap&quot;:&quot;5&quot;,&quot;greet&quot;:&quot;Avalie este post&quot;,&quot;legend&quot;:&quot;5\\\/5 - (1 vote)&quot;,&quot;size&quot;:&quot;24&quot;,&quot;title&quot;:&quot;Licenciatura em M\\u00fasica EAD: o que saber sobre esse curso?&quot;,&quot;width&quot;:&quot;142.5&quot;,&quot;_legend&quot;:&quot;{score}\\\/{best} - ({count} {votes})&quot;,&quot;font_factor&quot;:&quot;1.25&quot;}'>\n            \n<div class=\"kksr-stars\">\n    \n<div class=\"kksr-stars-inactive\">\n            <div class=\"kksr-star\" data-star=\"1\" style=\"padding-right: 5px\">\n            \n\n<div class=\"kksr-icon\" style=\"width: 24px; height: 24px;\"><\/div>\n        <\/div>\n            <div class=\"kksr-star\" data-star=\"2\" style=\"padding-right: 5px\">\n            \n\n<div class=\"kksr-icon\" style=\"width: 24px; height: 24px;\"><\/div>\n        <\/div>\n            <div class=\"kksr-star\" data-star=\"3\" style=\"padding-right: 5px\">\n            \n\n<div class=\"kksr-icon\" style=\"width: 24px; height: 24px;\"><\/div>\n        <\/div>\n            <div class=\"kksr-star\" data-star=\"4\" style=\"padding-right: 5px\">\n            \n\n<div class=\"kksr-icon\" style=\"width: 24px; height: 24px;\"><\/div>\n        <\/div>\n            <div class=\"kksr-star\" data-star=\"5\" style=\"padding-right: 5px\">\n            \n\n<div class=\"kksr-icon\" style=\"width: 24px; height: 24px;\"><\/div>\n        <\/div>\n    <\/div>\n    \n<div class=\"kksr-stars-active\" style=\"width: 142.5px;\">\n            <div class=\"kksr-star\" style=\"padding-right: 5px\">\n            \n\n<div class=\"kksr-icon\" style=\"width: 24px; height: 24px;\"><\/div>\n        <\/div>\n            <div class=\"kksr-star\" style=\"padding-right: 5px\">\n            \n\n<div class=\"kksr-icon\" style=\"width: 24px; height: 24px;\"><\/div>\n        <\/div>\n            <div class=\"kksr-star\" style=\"padding-right: 5px\">\n            \n\n<div class=\"kksr-icon\" style=\"width: 24px; height: 24px;\"><\/div>\n        <\/div>\n            <div class=\"kksr-star\" style=\"padding-right: 5px\">\n            \n\n<div class=\"kksr-icon\" style=\"width: 24px; height: 24px;\"><\/div>\n        <\/div>\n            <div class=\"kksr-star\" style=\"padding-right: 5px\">\n            \n\n<div class=\"kksr-icon\" style=\"width: 24px; height: 24px;\"><\/div>\n        <\/div>\n    <\/div>\n<\/div>\n                \n\n<div class=\"kksr-legend\" style=\"font-size: 19.2px;\">\n            5\/5 - (1 vote)    <\/div>\n    <\/div>\n","protected":false},"excerpt":{"rendered":"<p>Existem muitas possibilidades no mercado de trabalho para quem ama m\u00fasica. Muitas delas est\u00e3o na \u00e1rea educacional, com bastante espa\u00e7o para professores em cursos especializados ou na Educa\u00e7\u00e3o B\u00e1sica. Para aproveitar essas oportunidades, o curso de Licenciatura em M\u00fasica EAD \u00e9 ideal! Com ele, o futuro profissional lida com instrumentos, canto, reg\u00eancia e teoria musical, [&hellip;]<\/p>\n","protected":false},"author":46,"featured_media":12269,"comment_status":"open","ping_status":"open","sticky":false,"template":"","format":"standard","meta":[],"categories":[706],"tags":[],"_links":{"self":[{"href":"https:\/\/www.unicesumar.edu.br\/blog\/wp-json\/wp\/v2\/posts\/12268"}],"collection":[{"href":"https:\/\/www.unicesumar.edu.br\/blog\/wp-json\/wp\/v2\/posts"}],"about":[{"href":"https:\/\/www.unicesumar.edu.br\/blog\/wp-json\/wp\/v2\/types\/post"}],"author":[{"embeddable":true,"href":"https:\/\/www.unicesumar.edu.br\/blog\/wp-json\/wp\/v2\/users\/46"}],"replies":[{"embeddable":true,"href":"https:\/\/www.unicesumar.edu.br\/blog\/wp-json\/wp\/v2\/comments?post=12268"}],"version-history":[{"count":1,"href":"https:\/\/www.unicesumar.edu.br\/blog\/wp-json\/wp\/v2\/posts\/12268\/revisions"}],"predecessor-version":[{"id":12270,"href":"https:\/\/www.unicesumar.edu.br\/blog\/wp-json\/wp\/v2\/posts\/12268\/revisions\/12270"}],"wp:featuredmedia":[{"embeddable":true,"href":"https:\/\/www.unicesumar.edu.br\/blog\/wp-json\/wp\/v2\/media\/12269"}],"wp:attachment":[{"href":"https:\/\/www.unicesumar.edu.br\/blog\/wp-json\/wp\/v2\/media?parent=12268"}],"wp:term":[{"taxonomy":"category","embeddable":true,"href":"https:\/\/www.unicesumar.edu.br\/blog\/wp-json\/wp\/v2\/categories?post=12268"},{"taxonomy":"post_tag","embeddable":true,"href":"https:\/\/www.unicesumar.edu.br\/blog\/wp-json\/wp\/v2\/tags?post=12268"}],"curies":[{"name":"wp","href":"https:\/\/api.w.org\/{rel}","templated":true}]}}