{"id":12384,"date":"2023-11-06T10:00:00","date_gmt":"2023-11-06T13:00:00","guid":{"rendered":"https:\/\/www.unicesumar.edu.br\/blog\/?p=12384"},"modified":"2026-02-26T09:03:16","modified_gmt":"2026-02-26T12:03:16","slug":"vale-a-pena-fazer-o-curso-de-tecnologo-em-empreendedorismo","status":"publish","type":"post","link":"https:\/\/www.unicesumar.edu.br\/blog\/vale-a-pena-fazer-o-curso-de-tecnologo-em-empreendedorismo\/","title":{"rendered":"Vale a pena fazer o Curso de Tecn\u00f3logo em Empreendedorismo?"},"content":{"rendered":"\n<p>O mercado empreendedor est\u00e1 em constante crescimento, atraindo cada vez mais pessoas com o sonho de transformar suas ideias em um projeto de verdade. Contudo, para ter sucesso em qualquer \u00e1rea, \u00e9 importante contar com conhecimentos espec\u00edficos de gest\u00e3o, administra\u00e7\u00e3o e finan\u00e7as. Para isso, vale a pena contar com o curso de Tecn\u00f3logo em <a href=\"https:\/\/www.unicesumar.edu.br\/blog\/empreendedorismo-curso-mercado\/\" rel=\"noreferrer noopener\" target=\"_blank\">Empreendedorismo<\/a>.<\/p>\n\n\n\n<p>Esse tipo de forma\u00e7\u00e3o contribui para que voc\u00ea se prepare para os desafios que surgem nesse caminho, al\u00e9m de orientar quais s\u00e3o as melhores alternativas para alavancar seus projetos. A fim de esclarecer como funciona tal forma\u00e7\u00e3o na EAD UniCesumar, convidamos Silvio Silvestre Barczsz, Coordenador do Curso de Empreendedorismo, para explicar em detalhes as possibilidades do curso. Quer saber mais? Ent\u00e3o siga a leitura e confira nosso post!<\/p>\n\n\n\n<h2>Qual \u00e9 o objetivo geral do curso Tecn\u00f3logo em Empreendedorismo?<\/h2>\n\n\n\n<p>Silvio explica que \u201co Curso Superior de Tecnologia em Empreendedorismo \u00e9 realizado na modalidade EAD da UniCesumar\u201d. <strong>Ele foi desenvolvido visando <\/strong><a href=\"https:\/\/www.unicesumar.edu.br\/blog\/capacitacao-profissional\/\" rel=\"noreferrer noopener\" target=\"_blank\"><strong>capacitar os alunos<\/strong><\/a><strong> para uma atua\u00e7\u00e3o como profissionais criativos e capazes de utilizarem as suas habilidades com compet\u00eancia para provocarem inova\u00e7\u00f5es.<\/strong><\/p>\n\n\n\n<p>Desse modo, voc\u00ea consegue adquirir as habilidades necess\u00e1rias para atuar como agentes de transforma\u00e7\u00e3o para a sua pr\u00f3pria vida, assim como das demais pessoas que est\u00e3o \u00e0 sua volta. Logo, s\u00e3o trabalhadas habilidades ligadas \u00e0 criatividade, inova\u00e7\u00e3o, organiza\u00e7\u00e3o, gest\u00e3o e demais aptid\u00f5es.<\/p>\n\n\n\n<h2>Como \u00e9 o curso Tecn\u00f3logo em Empreendedorismo?<\/h2>\n\n\n\n<p>Entender as principais caracter\u00edsticas do curso Tecn\u00f3logo em Empreendedorismo e para quem \u00e9 indicado pode lhe ajudar a decidir entre curs\u00e1-lo ou escolher outra alternativa para a sua carreira. Por isso, destacamos v\u00e1rias informa\u00e7\u00f5es sobre o curso, a seguir. Confira!<\/p>\n\n\n\n<h3>Veja a dura\u00e7\u00e3o do curso e suas disciplinas<\/h3>\n\n\n\n<p>Essa <a href=\"https:\/\/www.unicesumar.edu.br\/blog\/faculdades-para-empreendedores\/\" rel=\"noreferrer noopener\" target=\"_blank\">faculdade para empreendedores<\/a> tem dura\u00e7\u00e3o de dois anos e conta com diversas disciplinas que podem ajudar os indiv\u00edduos que querem assumir cargos gerenciais ou at\u00e9 mesmo come\u00e7ar o pr\u00f3prio neg\u00f3cio.<\/p>\n\n\n\n<p>Entre os principais temas abordados est\u00e3o os estudos de neg\u00f3cios inovadores, gest\u00e3o de pessoas e desenvolvimento de equipes, gest\u00e3o de pequenas e m\u00e9dias empresas, legisla\u00e7\u00e3o ambiental, conhecimentos financeiros e muitos outros conte\u00fados de valor.<\/p>\n\n\n\n<h3>Entenda o p\u00fablico-alvo do curso<\/h3>\n\n\n\n<p>\u201c<strong>O curso \u00e9 destinado aos profissionais competentes que buscam aprender mais sobre a aplica\u00e7\u00e3o de conhecimentos cient\u00edficos-tecnol\u00f3gicos<\/strong>, estimulando sua atua\u00e7\u00e3o cr\u00edtica e criativa na identifica\u00e7\u00e3o e solu\u00e7\u00e3o de problemas\u201d, destaca Silvio.&nbsp;<\/p>\n\n\n\n<p>Al\u00e9m disso, existem considera\u00e7\u00f5es de aspectos pol\u00edticos e econ\u00f4micos, sociais, ambientais, com vis\u00e3o \u00e9tica e human\u00edstica para ajudar os estudantes a aplicar cada um dos conceitos em seu ambiente de trabalho.<\/p>\n\n\n\n<h2>Quais s\u00e3o os conhecimentos adquiridos ao longo do curso?<\/h2>\n\n\n\n<p>Existem v\u00e1rios conhecimentos que s\u00e3o obtidos ao longo do curso e que podem colaborar com a jornada profissional dos estudantes. Silvio elenca os seguintes:<\/p>\n\n\n\n<ul><li>Vis\u00e3o mercadol\u00f3gica e entendimento do comportamento do consumidor, levando \u00e0 <a href=\"https:\/\/www.unicesumar.edu.br\/blog\/oportunidades-de-trabalho\/\" rel=\"noreferrer noopener\" target=\"_blank\">identifica\u00e7\u00e3o de oportunidades<\/a>;<\/li><li>Vis\u00e3o de neg\u00f3cio obtida por meio da an\u00e1lise cr\u00edtica das organiza\u00e7\u00f5es e propostas de solu\u00e7\u00f5es que promovam modelos de neg\u00f3cios inovadores;<\/li><li>Criatividade, empreendedorismo, inova\u00e7\u00e3o e inventividade, capacitando-o para o desenvolvimento de estrat\u00e9gias e projetos criativos para produtos, servi\u00e7os e neg\u00f3cios;<\/li><li>Racioc\u00ednio anal\u00edtico, habilitando-o a analisar adequadamente a estrutura de custos e precifica\u00e7\u00e3o da organiza\u00e7\u00e3o, tomando decis\u00f5es adequadas sobre o processo financeiro e or\u00e7ament\u00e1rio e sobre quest\u00f5es do direito empresarial e do consumidor;<\/li><li><a href=\"https:\/\/www.unicesumar.edu.br\/blog\/lideranca-no-trabalho\/\" rel=\"noreferrer noopener\" target=\"_blank\">Lideran\u00e7a<\/a> e trabalho em equipe;<\/li><li>Planejamento e an\u00e1lise de riscos, habilitando-o para a elabora\u00e7\u00e3o de planos estrat\u00e9gicos, t\u00e1ticos e operacionais, bem como, gerenciamento de projetos e an\u00e1lise de viabilidade e riscos de implementa\u00e7\u00e3o; o<\/li><li>Organiza\u00e7\u00e3o, controle e tomada de decis\u00e3o sobre o processo de gest\u00e3o em empresas de pequeno e m\u00e9dio porte, monitoramento do fluxo de caixa e as possibilidades capta\u00e7\u00e3o de recursos;&nbsp;<\/li><li>\u00c9tica e responsabilidade social, com habilidade para desenvolver projetos sustent\u00e1veis e balizados pelos princ\u00edpios da responsabilidade social;<\/li><li>Intelig\u00eancia Emocional, autoconfian\u00e7a e autogest\u00e3o, reconhecendo a necessidade de cont\u00ednuo aperfei\u00e7oamento profissional, pessoal e espiritual para o bom conv\u00edvio social e desenvolvimento da empatia.<\/li><\/ul>\n\n\n\n<h2>Como \u00e9 o mercado de trabalho para esse profissional?<\/h2>\n\n\n\n<p>Agora que voc\u00ea j\u00e1 conhece todas as habilidades que pode desenvolver ao escolher esse curso, que tal entender as possibilidades de atua\u00e7\u00e3o e o panorama do mercado? \u00c9 o que vamos explicar logo a seguir. Confira!<\/p>\n\n\n\n<h3>Veja as poss\u00edveis aplica\u00e7\u00f5es dos conhecimentos obtidos<\/h3>\n\n\n\n<p>Silvio destaca que <strong>\u201co Tecn\u00f3logo em Empreendedorismo atua nas organiza\u00e7\u00f5es com conhecimento te\u00f3rico-pr\u00e1tico para v\u00e1rias \u00e1reas<\/strong>\u201d. S\u00e3o elas:<\/p>\n\n\n\n<ul><li>Gest\u00e3o empresarial, com \u00eanfase no comportamento empreendedor e papel do gestor;<\/li><li>Legisla\u00e7\u00e3o aplicada \u00e0s organiza\u00e7\u00f5es;<\/li><li>Comunica\u00e7\u00e3o empresarial, j\u00e1 que atua na \u00e1rea gerencial e, consequentemente, \u00e9 tomador de decis\u00e3o e precisa <a href=\"https:\/\/www.unicesumar.edu.br\/blog\/qualificacao-profissional\/\" rel=\"noreferrer noopener\" target=\"_blank\">desenvolver a habilidade de comunica\u00e7\u00e3o<\/a> e negocia\u00e7\u00e3o;<\/li><li>Gest\u00e3o da log\u00edstica, produ\u00e7\u00e3o, marketing e gest\u00e3o de pessoas;<\/li><li>\u00c9tica, responsabilidade social e sustentabilidade nos neg\u00f3cio;<\/li><li>Mentalidade criativa e inovadora e ambiente de neg\u00f3cios digitais.<\/li><\/ul>\n\n\n\n<h3>Descubra as poss\u00edveis \u00e1reas de atua\u00e7\u00e3o<\/h3>\n\n\n\n<p>H\u00e1 v\u00e1rias oportunidades existentes para os profissionais, dada as diversas aptid\u00f5es que conseguem desenvolver ao longo do curso. <strong>Silvio destaca que \u00e9 poss\u00edvel encontrar no mercado de trabalho as poss\u00edveis alternativas:<\/strong><\/p>\n\n\n\n<ul><li>Ocupar cargos de gest\u00e3o em empresas p\u00fablicas e privadas;<\/li><li>Trabalhar em organiza\u00e7\u00f5es ou institui\u00e7\u00f5es de pesquisa sobre inova\u00e7\u00e3o e desenvolvimento de produtos e servi\u00e7os;<\/li><li>Atuar como gerente de projetos de inova\u00e7\u00e3o;&nbsp;<\/li><li>Investir, inovar e expandir o seu pr\u00f3prio neg\u00f3cio;&nbsp;<\/li><li>Criar e ser dono do pr\u00f3prio neg\u00f3cio;&nbsp;<\/li><li>Administrar franquias ou redes de segmentos diversos;&nbsp;<\/li><li>Desenvolver projetos e criar startups;&nbsp;<\/li><li>Atuar como consultor, oferecer treinamentos e formar pessoas;&nbsp;<\/li><li>Outras profiss\u00f5es que requeiram um <a href=\"https:\/\/www.unicesumar.edu.br\/blog\/perfil-empreendedor\/\" data-type=\"URL\" data-id=\"https:\/\/www.unicesumar.edu.br\/blog\/perfil-empreendedor\/\">perfil empreendedor<\/a>, inovador e estrat\u00e9gico<\/li><\/ul>\n\n\n\n<h3>Entenda as demandas do mercado<\/h3>\n\n\n\n<p>\u00c9 de amplo conhecimento que o fomento do empreendedorismo \u00e9 muito importante para a economia dos pa\u00edses. Os empreendedores s\u00e3o respons\u00e1veis por criar novos neg\u00f3cios, produtos e servi\u00e7os que geram empregos, aumentam a produ\u00e7\u00e3o e impulsionam o crescimento econ\u00f4mico.&nbsp;<\/p>\n\n\n\n<p>Eles tamb\u00e9m s\u00e3o respons\u00e1veis por inovar e desenvolver solu\u00e7\u00f5es criativas para problemas existentes. E o fomento ao empreendedorismo tem sido cada vez maior.&nbsp;<\/p>\n\n\n\n<p>Silvio destaca que \u201cde acordo com um <a href=\"https:\/\/ibqp.org.br\/PDF%20GEM\/Relat%C3%B3rio%20Executivo%20Empreendedorismo%20no%20Brasil%202019.pdf\" rel=\"noreferrer noopener\" target=\"_blank\">relat\u00f3rio da Global Entrepreneurship Monitor (GEM)<\/a>, em 2019, mais de 40% da popula\u00e7\u00e3o adulta em todo o mundo afirmou estar envolvida em atividades empreendedoras\u201d.&nbsp;<\/p>\n\n\n\n<p>Isso representa um aumento significativo em rela\u00e7\u00e3o aos anos anteriores, indicando que cada vez mais pessoas est\u00e3o buscando criar seus pr\u00f3prios neg\u00f3cios. Ou seja, ao realizar esse curso, voc\u00ea pode fazer parte dessa estat\u00edstica, al\u00e9m de aumentar suas chances de sucesso profissional.<\/p>\n\n\n\n<h2>Por que vale a pena cursar o Tecn\u00f3logo em Empreendedorismo?<\/h2>\n\n\n\n<p>O Tecn\u00f3logo em Empreendedorismo pode trazer diversas habilidades importantes para o seu cotidiano de trabalho. Al\u00e9m disso, Silvio explica que o curso auxilia nos seguintes aspectos:<\/p>\n\n\n\n<ul><li>Empreender de forma profissionalizada os diferentes modelos de neg\u00f3cios;<\/li><li>Analisar diferentes cen\u00e1rios organizacionais e de mercado;&nbsp;<\/li><li>Identificar oportunidade de neg\u00f3cios, inovar dentro e fora das organiza\u00e7\u00f5es;<\/li><li>Aplicar ferramentas do empreendedorismo;&nbsp;<\/li><li>Aplicar os conceitos de planejamento, organiza\u00e7\u00e3o, dire\u00e7\u00e3o e controle na gest\u00e3o de diferentes organiza\u00e7\u00f5es, em especial as micro e pequenas;<\/li><li>Visualizar e aproveitar oportunidades existentes no mercado;<\/li><li>Criar e desenvolver novos empreendimentos, por meio de um plano de neg\u00f3cio, pautando se nos princ\u00edpios da \u00e9tica e desenvolvimento sustent\u00e1vel.<\/li><\/ul>\n\n\n\n<h2>Por que escolher a UniCesumar?<\/h2>\n\n\n\n<p>\u201cO Curso tem uma estrutura curricular modular, organizada em torno de grupos e eixos articulados, em conson\u00e2ncia com a base legal, al\u00e9m de sustentar a sistematiza\u00e7\u00e3o gradual e cont\u00ednua na constru\u00e7\u00e3o do conhecimento, compartilhando e articulando estudos e saberes\u201d destaca Silvio.<\/p>\n\n\n\n<p>Al\u00e9m disso, o curso \u00e9 reconhecido pelo MEC com conceito m\u00e1ximo.<\/p>\n\n\n\n<p>A estrutura do tecn\u00f3logo da EAD UniCesumar tamb\u00e9m \u00e9 um diferencial.<\/p>\n\n\n\n<p><strong>Os alunos contam com aulas ao vivo, material did\u00e1tico pr\u00f3prio, equipe de mediadores com forma\u00e7\u00e3o voltada ao curso, projetos de ensino vocacionados ao curso, ambientes profissionais, possibilidade de est\u00e1gio remunerado e muitas outras vantagens.<\/strong><\/p>\n\n\n\n<p>Entendeu como o curso de tecn\u00f3logo em empreendedorismo \u00e9 importante para a sua atua\u00e7\u00e3o empreendedora? Isso faz com que voc\u00ea adquira conhecimentos essenciais para criar um neg\u00f3cio de sucesso, capaz de atender as necessidades dos seus clientes e com potencial para crescer no longo prazo.<\/p>\n\n\n\n<p>Quer saber como se preparar para a vida empreendedora? Ent\u00e3o <a href=\"https:\/\/mla.bs\/a0b815ce\" rel=\"noreferrer noopener\" target=\"_blank\">entre em contato conosco<\/a> e saiba como a EAD da UniCesumar pode ajudar a alcan\u00e7ar seu diploma!<\/p>\n\n\n<div class=\"kk-star-ratings kksr-auto kksr-align-left kksr-valign-bottom\"\n    data-payload='{&quot;align&quot;:&quot;left&quot;,&quot;id&quot;:&quot;12384&quot;,&quot;slug&quot;:&quot;default&quot;,&quot;valign&quot;:&quot;bottom&quot;,&quot;ignore&quot;:&quot;&quot;,&quot;reference&quot;:&quot;auto&quot;,&quot;class&quot;:&quot;&quot;,&quot;count&quot;:&quot;0&quot;,&quot;legendonly&quot;:&quot;&quot;,&quot;readonly&quot;:&quot;&quot;,&quot;score&quot;:&quot;0&quot;,&quot;starsonly&quot;:&quot;&quot;,&quot;best&quot;:&quot;5&quot;,&quot;gap&quot;:&quot;5&quot;,&quot;greet&quot;:&quot;Avalie este post&quot;,&quot;legend&quot;:&quot;0\\\/5 - (0 votes)&quot;,&quot;size&quot;:&quot;24&quot;,&quot;title&quot;:&quot;Vale a pena fazer o Curso de Tecn\\u00f3logo em Empreendedorismo?&quot;,&quot;width&quot;:&quot;0&quot;,&quot;_legend&quot;:&quot;{score}\\\/{best} - ({count} {votes})&quot;,&quot;font_factor&quot;:&quot;1.25&quot;}'>\n            \n<div class=\"kksr-stars\">\n    \n<div class=\"kksr-stars-inactive\">\n            <div class=\"kksr-star\" data-star=\"1\" style=\"padding-right: 5px\">\n            \n\n<div class=\"kksr-icon\" style=\"width: 24px; height: 24px;\"><\/div>\n        <\/div>\n            <div class=\"kksr-star\" data-star=\"2\" style=\"padding-right: 5px\">\n            \n\n<div class=\"kksr-icon\" style=\"width: 24px; height: 24px;\"><\/div>\n        <\/div>\n            <div class=\"kksr-star\" data-star=\"3\" style=\"padding-right: 5px\">\n            \n\n<div class=\"kksr-icon\" style=\"width: 24px; height: 24px;\"><\/div>\n        <\/div>\n            <div class=\"kksr-star\" data-star=\"4\" style=\"padding-right: 5px\">\n            \n\n<div class=\"kksr-icon\" style=\"width: 24px; height: 24px;\"><\/div>\n        <\/div>\n            <div class=\"kksr-star\" data-star=\"5\" style=\"padding-right: 5px\">\n            \n\n<div class=\"kksr-icon\" style=\"width: 24px; height: 24px;\"><\/div>\n        <\/div>\n    <\/div>\n    \n<div class=\"kksr-stars-active\" style=\"width: 0px;\">\n            <div class=\"kksr-star\" style=\"padding-right: 5px\">\n            \n\n<div class=\"kksr-icon\" style=\"width: 24px; height: 24px;\"><\/div>\n        <\/div>\n            <div class=\"kksr-star\" style=\"padding-right: 5px\">\n            \n\n<div class=\"kksr-icon\" style=\"width: 24px; height: 24px;\"><\/div>\n        <\/div>\n            <div class=\"kksr-star\" style=\"padding-right: 5px\">\n            \n\n<div class=\"kksr-icon\" style=\"width: 24px; height: 24px;\"><\/div>\n        <\/div>\n            <div class=\"kksr-star\" style=\"padding-right: 5px\">\n            \n\n<div class=\"kksr-icon\" style=\"width: 24px; height: 24px;\"><\/div>\n        <\/div>\n            <div class=\"kksr-star\" style=\"padding-right: 5px\">\n            \n\n<div class=\"kksr-icon\" style=\"width: 24px; height: 24px;\"><\/div>\n        <\/div>\n    <\/div>\n<\/div>\n                \n\n<div class=\"kksr-legend\" style=\"font-size: 19.2px;\">\n            <span class=\"kksr-muted\">Avalie este post<\/span>\n    <\/div>\n    <\/div>\n","protected":false},"excerpt":{"rendered":"<p>Quer entender mais sobre o tecn\u00f3logo em empreendedorismo e como ele pode ajudar na sua jornada profissional? Ent\u00e3o, confira nosso post!<\/p>\n","protected":false},"author":6,"featured_media":12385,"comment_status":"open","ping_status":"open","sticky":false,"template":"","format":"standard","meta":[],"categories":[706],"tags":[99,93],"_links":{"self":[{"href":"https:\/\/www.unicesumar.edu.br\/blog\/wp-json\/wp\/v2\/posts\/12384"}],"collection":[{"href":"https:\/\/www.unicesumar.edu.br\/blog\/wp-json\/wp\/v2\/posts"}],"about":[{"href":"https:\/\/www.unicesumar.edu.br\/blog\/wp-json\/wp\/v2\/types\/post"}],"author":[{"embeddable":true,"href":"https:\/\/www.unicesumar.edu.br\/blog\/wp-json\/wp\/v2\/users\/6"}],"replies":[{"embeddable":true,"href":"https:\/\/www.unicesumar.edu.br\/blog\/wp-json\/wp\/v2\/comments?post=12384"}],"version-history":[{"count":3,"href":"https:\/\/www.unicesumar.edu.br\/blog\/wp-json\/wp\/v2\/posts\/12384\/revisions"}],"predecessor-version":[{"id":14014,"href":"https:\/\/www.unicesumar.edu.br\/blog\/wp-json\/wp\/v2\/posts\/12384\/revisions\/14014"}],"wp:featuredmedia":[{"embeddable":true,"href":"https:\/\/www.unicesumar.edu.br\/blog\/wp-json\/wp\/v2\/media\/12385"}],"wp:attachment":[{"href":"https:\/\/www.unicesumar.edu.br\/blog\/wp-json\/wp\/v2\/media?parent=12384"}],"wp:term":[{"taxonomy":"category","embeddable":true,"href":"https:\/\/www.unicesumar.edu.br\/blog\/wp-json\/wp\/v2\/categories?post=12384"},{"taxonomy":"post_tag","embeddable":true,"href":"https:\/\/www.unicesumar.edu.br\/blog\/wp-json\/wp\/v2\/tags?post=12384"}],"curies":[{"name":"wp","href":"https:\/\/api.w.org\/{rel}","templated":true}]}}