{"id":12388,"date":"2023-11-08T10:00:00","date_gmt":"2023-11-08T13:00:00","guid":{"rendered":"https:\/\/www.unicesumar.edu.br\/blog\/?p=12388"},"modified":"2025-08-26T14:34:13","modified_gmt":"2025-08-26T17:34:13","slug":"ja-pensou-em-fazer-pedagogia-ead-especialista-te-da-todos-os-detalhes","status":"publish","type":"post","link":"https:\/\/www.unicesumar.edu.br\/blog\/ja-pensou-em-fazer-pedagogia-ead-especialista-te-da-todos-os-detalhes\/","title":{"rendered":"J\u00e1 pensou em fazer Pedagogia EAD? Especialista te d\u00e1 todos os detalhes!"},"content":{"rendered":"\n<p>Para quem est\u00e1 pensando em seguir na \u00e1rea da educa\u00e7\u00e3o, mas conta com uma rotina cheia de compromissos, vale a pena conferir como funciona o <a href=\"https:\/\/www.unicesumar.edu.br\/blog\/pedagogia-distancia-unicesumar\/\" rel=\"noreferrer noopener\" target=\"_blank\">Curso de Pedagogia EAD<\/a> da UniCesumar. Al\u00e9m de se qualificar para um mercado de trabalho com constante demanda por profissionais, voc\u00ea pode ter acesso a diversas oportunidades tanto em institui\u00e7\u00f5es p\u00fablicas quanto privadas.<\/p>\n\n\n\n<p>Desse modo, voc\u00ea consegue conquistar seu diploma com mais flexibilidade, mas sem abdicar da qualidade de ensino e da prepara\u00e7\u00e3o adequada para atuar em um setor de grande import\u00e2ncia para sociedade.<\/p>\n\n\n\n<p>A fim de trazer as novidades sobre essa profiss\u00e3o, convidamos Marcia Maria Previato de Souza, Coordenadora do Curso de Pedagogia, para esclarecer as principais d\u00favidas. Continue no texto e confira!<\/p>\n\n\n\n<h2>Afinal, por que escolher Pedagogia?<\/h2>\n\n\n\n<p>M\u00e1rcia explica que os pedagogos, assim como outros profissionais da educa\u00e7\u00e3o), s\u00e3o essenciais, tendo em vista que colaboram para a forma\u00e7\u00e3o de todas as outras profiss\u00f5es. Cabe a essas pessoas o trabalho de produzir e difundir conhecimentos no campo educacional, colaborando para o pleno desenvolvimento de crian\u00e7as e adolescentes.<\/p>\n\n\n\n<p>Por isso, segundo ela, <strong>\u201c\u00e9 necess\u00e1rio estar sempre em constante forma\u00e7\u00e3o para poder exercer com excel\u00eancia a profiss\u00e3o, compreendendo a educa\u00e7\u00e3o como um fen\u00f4meno social, cultural e ps\u00edquico\u201d.<\/strong><\/p>\n\n\n\n<h2>Como funciona o curso e o mercado de trabalho?<\/h2>\n\n\n\n<p>Conforme explicado por M\u00e1rcia, o campo de trabalho para o pedagogo \u00e9 vasto e repleto de oportunidades em diversas institui\u00e7\u00f5es de ensino. Ela ainda destaca que, na EAD UniCesumar, o curso \u00e9 reconhecido e consolidado pela qualidade.<\/p>\n\n\n\n<p>Isso ocorre porque o trabalho se d\u00e1 sempre com a estrutura de teoria e pr\u00e1tica, de forma que os alunos tenham uma forma\u00e7\u00e3o integral, com \u00e9tica e compromisso, cientes de sua responsabilidade profissional.<\/p>\n\n\n\n<h3>Conhe\u00e7a o perfil do aluno de Pedagogia<\/h3>\n\n\n\n<p>Como essa profiss\u00e3o exige atualiza\u00e7\u00e3o constante e a busca por desenvolvimento pessoal, \u00e9 fundamental que o estudante tenha um perfil curioso, interessado e criativo. Desse modo, voc\u00ea consegue trabalhar com diversas \u00e1reas do processo educacional, tais como o ensino, a gest\u00e3o, a coordena\u00e7\u00e3o de demais atividades correlatas.<\/p>\n\n\n\n<p>Portanto, \u00e9 necess\u00e1rio contar com a criatividade, capacidade de comunica\u00e7\u00e3o, al\u00e9m de gostar de desafios. Tamb\u00e9m \u00e9 necess\u00e1rio desenvolver uma vis\u00e3o cr\u00edtica, reflexiva e respons\u00e1vel, dado que sua vis\u00e3o de mundo pode impactar a percep\u00e7\u00e3o dos jovens que est\u00e3o sob sua responsabilidade.<\/p>\n\n\n\n<h3>Descubra as principais disciplinas do curso<\/h3>\n\n\n\n<p><strong>Para alcan\u00e7ar o sucesso nessa profiss\u00e3o, diversas habilidades devem ser desenvolvidas. <\/strong><strong>Assim, voc\u00ea poder\u00e1 executar diversas atividades<\/strong><strong> inerentes ao processo educacional<\/strong>.<\/p>\n\n\n\n<p>Veja, a seguir, quais as principais disciplinas do curso que foram destacadas por Marcia:<\/p>\n\n\n\n<ul><li>Metodologia da Alfabetiza\u00e7\u00e3o e letramento: essa disciplina leva o aluno a entender o processo evolutivo do desenho infantil, considerado a primeira forma de representa\u00e7\u00e3o da escrita. Na disciplina, o acad\u00eamico entender\u00e1 o processo de constru\u00e7\u00e3o da escrita, ou seja, como a crian\u00e7a aprende a ler e escrever. Todo esse processo \u00e9 estudado na teoria e, na pr\u00e1tica, a partir de situa\u00e7\u00f5es reais de sala de aula. Outro fator de destaque da disciplina \u00e9 a aprendizagem por meio de jogos e brincadeiras;<\/li><li>Fundamentos e metodologias para <a href=\"https:\/\/www.unicesumar.edu.br\/blog\/pedagogia-infantil\/\" rel=\"noreferrer noopener\" target=\"_blank\">educa\u00e7\u00e3o infantil<\/a>: nessa disciplina, por meio da teoria e pr\u00e1tica, o acad\u00eamico compreende como ser docente na educa\u00e7\u00e3o infantil, como funciona o dia a dia da sala de aula nessa etapa, a rotina, o l\u00fadico, o planejamento, a aprendizagem e o desenvolvimento da crian\u00e7a;<\/li><li>Pr\u00e1ticas de ensino: durante o curso, o aluno poder\u00e1 experienciar v\u00e1rias pr\u00e1ticas pedag\u00f3gicas que fazem parte da matriz curricular e que far\u00e3o diferen\u00e7a na sua forma\u00e7\u00e3o, pois todas fazem com que o aluno compreenda a rela\u00e7\u00e3o teoria e pr\u00e1tica e a import\u00e2ncia dessa rela\u00e7\u00e3o para sua forma\u00e7\u00e3o.<\/li><\/ul>\n\n\n\n<h3>Saiba como \u00e9 o mercado de trabalho<\/h3>\n\n\n\n<p><strong>\u201cO mercado de trabalho para o pedagogo \u00e9 amplo e n\u00e3o se restringe \u00e0s escolas, mesmo que esse ainda seja o que mais tem vagas de trabalho\u201d<\/strong>, destaca Marcia. O pedagogo pode atuar nas seguintes fun\u00e7\u00f5es:<\/p>\n\n\n\n<ul><li>Docente\/professor da Educa\u00e7\u00e3o Infantil e anos iniciais do Ensino Fundamental;<\/li><li>Supervisor, pedagogo, coordenador e Diretor de institui\u00e7\u00f5es de ensino;<\/li><li>Consultoria e departamento de RH;<\/li><li><a href=\"https:\/\/www.unicesumar.edu.br\/blog\/pedagogia-hospitalar\/\" rel=\"noreferrer noopener\" target=\"_blank\">Hospitais<\/a>, ONGs e empresas;<\/li><li>Editoras e na \u00e1rea de pesquisa.<\/li><\/ul>\n\n\n\n<p>Essas s\u00e3o algumas das possibilidades de atua\u00e7\u00e3o. H\u00e1 ainda muitos cargos para esses profissionais no mercado de trabalho. Por isso, vale a pena considerar cursar Pedagogia.<\/p>\n\n\n\n<h2>Por que fazer Pedagogia na Unicesumar?<\/h2>\n\n\n\n<p>Ao e<a href=\"https:\/\/www.unicesumar.edu.br\/blog\/letras-ou-pedagogia\/\" rel=\"noreferrer noopener\" target=\"_blank\">scolher cursar Pedagogia EAD<\/a> na UniCesumar, voc\u00ea pode ter acesso a diversos diferenciais que v\u00e3o lhe preparar para o mercado de trabalho. Quer saber mais sobre eles? Ent\u00e3o, continue a leitura e confira!<\/p>\n\n\n\n<h3>Encontros incr\u00edveis para o seu desenvolvimento<\/h3>\n\n\n\n<p>Escolhendo a EAD UniCesumar, voc\u00ea conta com aulas semanais ao vivo, din\u00e2micas, entrevistas, intera\u00e7\u00e3o com o professor por meio do chat, experi\u00eancias, simula\u00e7\u00f5es, convidados do mercado, uso de tecnologias diferenciadas, entre outros recursos, tornando esses encontros atrativos e promovendo muito conhecimento. Vale a pena contar com os <a href=\"https:\/\/www.unicesumar.edu.br\/blog\/recursos-educacionais-da-ead-unicesumar\/\" rel=\"noreferrer noopener\" target=\"_blank\">recursos educacionais da UniCesumar<\/a>.<\/p>\n\n\n\n<h3>Matriz curricular desenhada para formar \u00f3timos profissionais<\/h3>\n\n\n\n<p>A EAD UniCesumar conta com uma matriz curricular que <strong>atende \u00e0s Diretrizes Curriculares Nacionais<\/strong>, contando com uma <a href=\"https:\/\/www.unicesumar.edu.br\/blog\/metodologia-ead-como-funciona\/\">metodologia<\/a> imersiva necess\u00e1ria para a forma\u00e7\u00e3o de um profissional capacitado para as \u00e1reas de atua\u00e7\u00e3o do Pedagogo nas mais diversas regi\u00f5es do Brasil.<\/p>\n\n\n\n<h3>Corpo docente extremamente capacitado<\/h3>\n\n\n\n<p>Marcia destaca que um dos principais diferenciais da EAD UniCesumar \u00e9 a qualidade do corpo docente, sendo que <strong>os professores s\u00e3o extremamente capacitados e com experi\u00eancia na \u00e1rea, al\u00e9m de 100% deles serem mestres e\/ou doutores.<\/strong><\/p>\n\n\n\n<p>Essa qualidade do corpo docente leva a um alto \u00edndice de alunos com aprova\u00e7\u00e3o em concursos, al\u00e9m de proporcionar materiais did\u00e1ticos atualizados e direcionados para a forma\u00e7\u00e3o de um profissional que a sociedade atual exige.<\/p>\n\n\n\n<p>Al\u00e9m disso, Marcia destaca que \u00e9 poss\u00edvel ter acompanhamento de um professor mediador em cada disciplina para tirar suas d\u00favidas, orientar est\u00e1gios, participar dos chats e f\u00f3runs e acompanhamento de aulas ao vivo.<\/p>\n\n\n\n<h3>Prepara\u00e7\u00e3o adequada para o mercado de trabalho<\/h3>\n\n\n\n<p>Existem v\u00e1rios fatores que ajudam no desenvolvimento dos alunos, preparando-os para conseguir exercer a profiss\u00e3o com qualidade no futuro. Entre as principais atividades, Marcia destaca as seguintes:<\/p>\n\n\n\n<ul><li>Projetos de ensino e extens\u00e3o voltados para a forma\u00e7\u00e3o do pedagogo que planeja atuar em ambientes de ensino formais e n\u00e3o formais;<\/li><li>Disciplinas que se articulam partindo do princ\u00edpio da rela\u00e7\u00e3o teoria e pr\u00e1tica para o profissional pedagogo poder atuar com qualidade nos diversos campos de trabalho que sua forma\u00e7\u00e3o proporciona;<\/li><li>Diferentes ambientes e recursos tecnol\u00f3gicos, como ambiente virtual de aprendizagem, webinar, semin\u00e1rios, programa de est\u00e1gio, atividades diferenciadas em cada disciplina, chats, f\u00f3runs, lives, entre outros que promovem a aprendizagem do acad\u00eamico.<\/li><\/ul>\n\n\n\n<p>Entendeu como \u00e9 o curso e o <a href=\"https:\/\/www.unicesumar.edu.br\/blog\/psicopedagogia-mercado\/\" rel=\"noreferrer noopener\" target=\"_blank\">mercado de trabalho para alunos de Pedagogia EAD<\/a> e quais s\u00e3o os diferenciais de contar com a EAD UniCesumar? Por meio de nosso programa de ensino, voc\u00ea sai com as ferramentas adequadas para arrasar nessa profiss\u00e3o e construir uma carreira de sucesso.<\/p>\n\n\n\n<p>Quer come\u00e7ar o curso de Pedagogia na EAD UniCesumar? Ent\u00e3o, <a href=\"https:\/\/mla.bs\/a0b815ce\" rel=\"noreferrer noopener\" target=\"_blank\">entre em contato conosco<\/a> agora mesmo!<\/p>\n\n\n<div class=\"kk-star-ratings kksr-auto kksr-align-left kksr-valign-bottom\"\n    data-payload='{&quot;align&quot;:&quot;left&quot;,&quot;id&quot;:&quot;12388&quot;,&quot;slug&quot;:&quot;default&quot;,&quot;valign&quot;:&quot;bottom&quot;,&quot;ignore&quot;:&quot;&quot;,&quot;reference&quot;:&quot;auto&quot;,&quot;class&quot;:&quot;&quot;,&quot;count&quot;:&quot;0&quot;,&quot;legendonly&quot;:&quot;&quot;,&quot;readonly&quot;:&quot;&quot;,&quot;score&quot;:&quot;0&quot;,&quot;starsonly&quot;:&quot;&quot;,&quot;best&quot;:&quot;5&quot;,&quot;gap&quot;:&quot;5&quot;,&quot;greet&quot;:&quot;Avalie este post&quot;,&quot;legend&quot;:&quot;0\\\/5 - (0 votes)&quot;,&quot;size&quot;:&quot;24&quot;,&quot;title&quot;:&quot;J\\u00e1 pensou em fazer Pedagogia EAD? Especialista te d\\u00e1 todos os detalhes!&quot;,&quot;width&quot;:&quot;0&quot;,&quot;_legend&quot;:&quot;{score}\\\/{best} - ({count} {votes})&quot;,&quot;font_factor&quot;:&quot;1.25&quot;}'>\n            \n<div class=\"kksr-stars\">\n    \n<div class=\"kksr-stars-inactive\">\n            <div class=\"kksr-star\" data-star=\"1\" style=\"padding-right: 5px\">\n            \n\n<div class=\"kksr-icon\" style=\"width: 24px; height: 24px;\"><\/div>\n        <\/div>\n            <div class=\"kksr-star\" data-star=\"2\" style=\"padding-right: 5px\">\n            \n\n<div class=\"kksr-icon\" style=\"width: 24px; height: 24px;\"><\/div>\n        <\/div>\n            <div class=\"kksr-star\" data-star=\"3\" style=\"padding-right: 5px\">\n            \n\n<div class=\"kksr-icon\" style=\"width: 24px; height: 24px;\"><\/div>\n        <\/div>\n            <div class=\"kksr-star\" data-star=\"4\" style=\"padding-right: 5px\">\n            \n\n<div class=\"kksr-icon\" style=\"width: 24px; height: 24px;\"><\/div>\n        <\/div>\n            <div class=\"kksr-star\" data-star=\"5\" style=\"padding-right: 5px\">\n            \n\n<div class=\"kksr-icon\" style=\"width: 24px; height: 24px;\"><\/div>\n        <\/div>\n    <\/div>\n    \n<div class=\"kksr-stars-active\" style=\"width: 0px;\">\n            <div class=\"kksr-star\" style=\"padding-right: 5px\">\n            \n\n<div class=\"kksr-icon\" style=\"width: 24px; height: 24px;\"><\/div>\n        <\/div>\n            <div class=\"kksr-star\" style=\"padding-right: 5px\">\n            \n\n<div class=\"kksr-icon\" style=\"width: 24px; height: 24px;\"><\/div>\n        <\/div>\n            <div class=\"kksr-star\" style=\"padding-right: 5px\">\n            \n\n<div class=\"kksr-icon\" style=\"width: 24px; height: 24px;\"><\/div>\n        <\/div>\n            <div class=\"kksr-star\" style=\"padding-right: 5px\">\n            \n\n<div class=\"kksr-icon\" style=\"width: 24px; height: 24px;\"><\/div>\n        <\/div>\n            <div class=\"kksr-star\" style=\"padding-right: 5px\">\n            \n\n<div class=\"kksr-icon\" style=\"width: 24px; height: 24px;\"><\/div>\n        <\/div>\n    <\/div>\n<\/div>\n                \n\n<div class=\"kksr-legend\" style=\"font-size: 19.2px;\">\n            <span class=\"kksr-muted\">Avalie este post<\/span>\n    <\/div>\n    <\/div>\n","protected":false},"excerpt":{"rendered":"<p>Ainda est\u00e1 em d\u00favida sobre sua carreira profissional? Veja nosso post e descubra quais as possibilidades para quem decide realizar o curso de Pedagogia EAD!<\/p>\n","protected":false},"author":46,"featured_media":12389,"comment_status":"open","ping_status":"open","sticky":false,"template":"","format":"standard","meta":[],"categories":[706],"tags":[160,99,93],"_links":{"self":[{"href":"https:\/\/www.unicesumar.edu.br\/blog\/wp-json\/wp\/v2\/posts\/12388"}],"collection":[{"href":"https:\/\/www.unicesumar.edu.br\/blog\/wp-json\/wp\/v2\/posts"}],"about":[{"href":"https:\/\/www.unicesumar.edu.br\/blog\/wp-json\/wp\/v2\/types\/post"}],"author":[{"embeddable":true,"href":"https:\/\/www.unicesumar.edu.br\/blog\/wp-json\/wp\/v2\/users\/46"}],"replies":[{"embeddable":true,"href":"https:\/\/www.unicesumar.edu.br\/blog\/wp-json\/wp\/v2\/comments?post=12388"}],"version-history":[{"count":2,"href":"https:\/\/www.unicesumar.edu.br\/blog\/wp-json\/wp\/v2\/posts\/12388\/revisions"}],"predecessor-version":[{"id":12885,"href":"https:\/\/www.unicesumar.edu.br\/blog\/wp-json\/wp\/v2\/posts\/12388\/revisions\/12885"}],"wp:featuredmedia":[{"embeddable":true,"href":"https:\/\/www.unicesumar.edu.br\/blog\/wp-json\/wp\/v2\/media\/12389"}],"wp:attachment":[{"href":"https:\/\/www.unicesumar.edu.br\/blog\/wp-json\/wp\/v2\/media?parent=12388"}],"wp:term":[{"taxonomy":"category","embeddable":true,"href":"https:\/\/www.unicesumar.edu.br\/blog\/wp-json\/wp\/v2\/categories?post=12388"},{"taxonomy":"post_tag","embeddable":true,"href":"https:\/\/www.unicesumar.edu.br\/blog\/wp-json\/wp\/v2\/tags?post=12388"}],"curies":[{"name":"wp","href":"https:\/\/api.w.org\/{rel}","templated":true}]}}