{"id":12443,"date":"2025-05-20T10:32:00","date_gmt":"2025-05-20T13:32:00","guid":{"rendered":"https:\/\/www.unicesumar.edu.br\/blog\/?p=12443"},"modified":"2025-08-25T14:51:06","modified_gmt":"2025-08-25T17:51:06","slug":"e-possivel-estudar-psicologia-ead-veja-aqui","status":"publish","type":"post","link":"https:\/\/www.unicesumar.edu.br\/blog\/e-possivel-estudar-psicologia-ead-veja-aqui\/","title":{"rendered":"\u00c9 poss\u00edvel estudar Psicologia EAD? Veja aqui!"},"content":{"rendered":"\n<p>Nos \u00faltimos anos, uma pergunta tem se destacado entre aqueles que desejam atuar como psic\u00f3logos: <strong>\u00e9 poss\u00edvel estudar psicologia EAD? <\/strong>A busca por alternativas flex\u00edveis e acess\u00edveis na \u00e1rea da educa\u00e7\u00e3o tem impulsionado o interesse pelo ensino de Psicologia a dist\u00e2ncia, sendo uma alternativa cada vez mais procurada por estudantes em todo o pa\u00eds.<\/p>\n\n\n\n<p>Existem v\u00e1rias gradua\u00e7\u00f5es que podem ser cursadas on-line, mas esta n\u00e3o \u00e9 a realidade de todos os cursos. Alguns, como Medicina, s\u00e3o exclusivamente presenciais. Mas e no caso da faculdade de Psicologia? Ela pode ou n\u00e3o ser oferecida pelas institui\u00e7\u00f5es na modalidade EAD? \u00c9 o que voc\u00ea descobrir\u00e1 neste artigo.<\/p>\n\n\n\n<p>Explicaremos como funciona um curso a dist\u00e2ncia, as possibilidades e desafios da gradua\u00e7\u00e3o de Psicologia e os fatores que t\u00eam contribu\u00eddo para a crescente procura por esse <a href=\"https:\/\/www.unicesumar.edu.br\/blog\/por-que-fazer-um-curso-ead\/\">curso EAD<\/a> no cen\u00e1rio educacional brasileiro. Acompanhe!<\/p>\n\n\n\n<h2>Como \u00e9 a faculdade de Psicologia?<\/h2>\n\n\n\n<p>A faculdade de Psicologia \u00e9 uma jornada acad\u00eamica que prepara os alunos para compreender o funcionamento da mente humana, o comportamento e a aplica\u00e7\u00e3o de t\u00e9cnicas terap\u00eauticas. \u00c9 uma disciplina diversificada com v\u00e1rias abordagens te\u00f3ricas, como o <strong>behaviorismo, a psican\u00e1lise, a psicologia humanista, a psicologia cognitiva<\/strong>, entre outras.<\/p>\n\n\n\n<p>O curr\u00edculo inclui uma s\u00e9rie de disciplinas b\u00e1sicas, como:<\/p>\n\n\n\n<ul><li>psicologia geral;<\/li><li>psicologia do desenvolvimento;<\/li><li>psicopatologia;<\/li><li>psicometria;<\/li><li>estat\u00edsticas e m\u00e9todos de pesquisa.<\/li><\/ul>\n\n\n\n<p>\u00c0 medida que os alunos avan\u00e7am, eles podem escolher mat\u00e9rias mais especializadas em \u00e1reas como:<\/p>\n\n\n\n<ul><li>psicologia cl\u00ednica;<\/li><li>psicologia social;<\/li><li>psicologia cognitiva;<\/li><li>psicologia organizacional.<\/li><\/ul>\n\n\n\n<p>A faculdade de Psicologia n\u00e3o visa apenas o desenvolvimento do conhecimento te\u00f3rico. Ela tamb\u00e9m foca no desenvolvimento de t\u00e9cnicas pr\u00e1ticas, como a<strong> capacidade de observar e analisar o comportamento humano, a empatia e as<\/strong><a href=\"https:\/\/www.unicesumar.edu.br\/blog\/caracteristicas-profissionais\/\" rel=\"noreferrer noopener\" target=\"_blank\"><strong> <\/strong><\/a><a href=\"https:\/\/www.unicesumar.edu.br\/blog\/caracteristicas-profissionais\/\" rel=\"noreferrer noopener\" target=\"_blank\"><strong>habilidades<\/strong><\/a><strong> de comunica\u00e7\u00e3o<\/strong>. Para isso, os alunos passam por est\u00e1gios ou pr\u00e1tica cl\u00ednica como parte da forma\u00e7\u00e3o.<\/p>\n\n\n\n<p>Os estudantes de Psicologia, geralmente, t\u00eam acesso a orientadores e conselheiros acad\u00eamicos que os auxiliam na escolha de cursos. Eles tamb\u00e9m atuam na resolu\u00e7\u00e3o de problemas acad\u00eamicos e no planejamento de suas carreiras.<\/p>\n\n\n\n<h2>Como \u00e9 o ensino EAD?<\/h2>\n\n\n\n<p>O <a href=\"https:\/\/www.unicesumar.edu.br\/blog\/qual-a-importancia-do-ensino-a-distancia\/\">Ensino a Dist\u00e2ncia<\/a> (EAD) oferece uma alternativa flex\u00edvel \u00e0 educa\u00e7\u00e3o presencial. Ele abrange diferentes cursos, desde <strong>gradua\u00e7\u00f5es at\u00e9<\/strong><a rel=\"noreferrer noopener\" href=\"https:\/\/www.unicesumar.edu.br\/blog\/pos-graduacao-unicesumar\/\" target=\"_blank\"><strong> p\u00f3s-gradua\u00e7\u00f5es<\/strong><\/a><strong>, cursos t\u00e9cnicos e de extens\u00e3o<\/strong>. Isso permite que os alunos escolham programas conforme seus interesses e necessidades.<\/p>\n\n\n\n<p>Uma das principais vantagens do EAD \u00e9 a flexibilidade que oferece. Os alunos podem acessar o conte\u00fado e participar de aulas conforme sua pr\u00f3pria agenda, o que \u00e9 <strong>ideal para aqueles que trabalham<\/strong> ou t\u00eam outras obriga\u00e7\u00f5es.<\/p>\n\n\n\n<p>A maioria das aulas EAD \u00e9 ministrada on-line, geralmente, em uma plataforma de aprendizagem. Os alunos podem assistir a videoaulas, acessar materiais de<a href=\"https:\/\/www.unicesumar.edu.br\/blog\/habilidade-de-leitura\/\" rel=\"noreferrer noopener\" target=\"_blank\"> <\/a><a href=\"https:\/\/www.unicesumar.edu.br\/blog\/habilidade-de-leitura\/\" rel=\"noreferrer noopener\" target=\"_blank\">leitura<\/a>, participar de f\u00f3runs de discuss\u00e3o e realizar atividades interativas em um ambiente digital.<\/p>\n\n\n\n<p>Existem cursos em que a <strong>grade curricular \u00e9 100% on-line<\/strong>. Ou seja, os estudantes n\u00e3o precisam comparecer \u00e0 faculdade. Mas tamb\u00e9m existe a modalidade semipresencial, um h\u00edbrido entre o EAD e o presencial. Nesse caso, apenas uma parte da grade curricular \u00e9 on-line, e os estudantes precisam assistir \u00e0s aulas ou cumprir outras atividades presencialmente.<\/p>\n\n\n\n<p>A qualidade do ensino EAD pode variar entre institui\u00e7\u00f5es em fun\u00e7\u00e3o do suporte oferecido ao aluno e da estrutura disponibilizada para cumprir as atividades. Portanto, \u00e9 fundamental fazer uma pesquisa cuidadosa e <strong>escolher institui\u00e7\u00f5es reconhecidas pelo MEC<\/strong> para garantir uma educa\u00e7\u00e3o de qualidade.<\/p>\n\n\n\n<p>Vale lembrar que a disciplina \u00e9 essencial para o sucesso no<a href=\"https:\/\/www.unicesumar.edu.br\/blog\/por-que-fazer-um-curso-ead\/\" rel=\"noreferrer noopener\" target=\"_blank\"> <\/a><a href=\"https:\/\/www.unicesumar.edu.br\/blog\/por-que-fazer-um-curso-ead\/\" rel=\"noreferrer noopener\" target=\"_blank\">Ensino a Dist\u00e2ncia<\/a>. Isso porque os alunos t\u00eam mais responsabilidade no gerenciamento do seu tempo e estudos. Logo, o aprendizado depende bastante da <strong>dedica\u00e7\u00e3o, organiza\u00e7\u00e3o e disciplina<\/strong> para realizar as atividades do curso.<\/p>\n\n\n\n<h2>\u00c9 poss\u00edvel estudar Psicologia EAD?<\/h2>\n\n\n\n<p>Desde a publica\u00e7\u00e3o do<a rel=\"noreferrer noopener\" href=\"https:\/\/www.planalto.gov.br\/ccivil_03\/_ato2023-2026\/2025\/decreto\/D12456.htm\" target=\"_blank\"> novo marco regulat\u00f3rio do EAD<\/a>, em 2025, o curso de Psicologia deixou de ser autorizado na modalidade 100% a dist\u00e2ncia. Segundo o MEC, essa decis\u00e3o visa preservar a qualidade da forma\u00e7\u00e3o profissional, especialmente nas atividades que exigem contato humano, est\u00e1gio supervisionado e pr\u00e1tica cl\u00ednica.<\/p>\n\n\n\n<p>Mas se voc\u00ea tem interesse nessa \u00e1rea, na<a rel=\"noreferrer noopener\" href=\"https:\/\/inscricoes.unicesumar.edu.br\/pos-graduacao\/\" target=\"_blank\"> UniCesumar<\/a> voc\u00ea encontra v\u00e1rias op\u00e7\u00f5es de p\u00f3s-gradua\u00e7\u00e3o a dist\u00e2ncia em Psicologia.&nbsp;<\/p>\n\n\n\n<!-- Google Fonts -->\n<link href=\"https:\/\/fonts.googleapis.com\/css2?family=Poppins:wght@400;600;700&amp;display=swap\" rel=\"stylesheet\">\n\n<style>\n  \/* Reset b\u00e1sico *\/\n  * {\n    box-sizing: border-box;\n    margin: 0;\n    padding: 0;\n  }\n\n  \/* Estilo geral *\/\n  body {\n    font-family: 'Poppins', sans-serif;\n    padding: 16px;\n    background-color: #f9f9f9;\n  }\n\n  .banner {\n    background-color: #0A578A;\n    color: #FDFEFE;\n    padding: 24px;\n    border-radius: 10px;\n    max-width: 800px;\n    margin: 0 auto 24px;\n    display: flex;\n    flex-wrap: wrap;\n    align-items: center;\n    justify-content: space-between;\n    gap: 16px;\n    background: linear-gradient(90deg, #0A578A 0%, #0C65A6 50%, #0E73C3 100%);\n  }\n\n  .banner-text {\n    flex: 1 1 100%;\n    padding: 0 16px;\n    text-align: center;\n  }\n\n  .banner-text p {\n    font-size: 1.375rem; \/* 22px base *\/\n    line-height: 1.5;\n    margin-bottom: 16px;\n    text-align: left;\n  }\n\n  .destaque {\n    font-weight: 700;\n  }\n\n  .cta-container {\n    display: flex;\n    justify-content: center;\n    flex-wrap: wrap;\n    margin-top: 16px;\n  }\n\n  .cta-container a {\n    background-color: #40AEEE;\n    color: white;\n    padding: 12px 24px;\n    text-decoration: none;\n    border-radius: 5px;\n    font-weight: 600;\n    transition: background-color 0.2s ease-in-out;\n    max-width: 280px;\n    width: 100%;\n    text-align: center;\n  }\n\n  .cta-container a:hover {\n    background-color: #1FD2E6;\n  }\n\n  .banner-img {\n    flex: 1 1 100%;\n    text-align: center;\n    padding: 0 16px 8px;\n  }\n\n  .banner-img img {\n    max-width: 100%;\n    height: auto;\n    border-radius: 10px;\n    transition: all 0.3s ease-in-out;\n  }\n\n @media (min-width: 769px) {\n  .banner {\n    flex-direction: row;\n    padding: 32px;\n    gap: 24px;\n  }\n\n  .banner-text {\n    flex: 1.5; \/* Reduzi de 2 para 1.5 *\/\n    padding: 0 24px;\n    text-align: left;\n  }\n\n  .banner-text p {\n    font-size: 1.375rem;\n    text-align: left;\n    margin-bottom: 20px;\n  }\n\n  .cta-container {\n    justify-content: flex-start;\n    margin-bottom: 0;\n  }\n\n  .banner-img {\n    flex: 1.2; \/* Aumentado de 1 para 1.2 *\/\n    padding: 0;\n    margin: 0;\n    text-align: right;\n  }\n\n  .banner-img img {\n    max-width: 100%;\n    height: auto;\n    border-radius: 10px;\n  }\n}\n  @media (max-width: 480px) {\n    .banner {\n      padding: 16px 8px;\n    }\n\n    .banner-text {\n      padding: 0 12px;\n    }\n\n    .banner-text p {\n      font-size: 1rem;\n      margin-bottom: 10px;\n    }\n\n    .cta-container a {\n      padding: 10px 16px;\n    }\n\n    .banner-img {\n      padding: 0 12px;\n    }\n  }\n<\/style>\n\n<!-- HTML -->\n<div class=\"banner\" style=\"background-color: #0A578A; color: #FDFEFE;\">\n    <div class=\"banner-text\">\n      <p><span class=\"destaque\">P\u00f3s-gradua\u00e7\u00e3o em Neuropsicologia<\/span>: qualifica\u00e7\u00e3o para atua\u00e7\u00e3o cl\u00ednica e hospitalar<\/p>\n      <div class=\"cta-container\">\n        <a href=\"https:\/\/inscricoes.unicesumar.edu.br\/curso\/pos-graduacao-em-neuropsicologia\" target=\"_blank\" rel=\"noopener noreferrer\">Inscreva-se<\/a>\n      <\/div>\n    <\/div>\n    <div class=\"banner-img\">\n      <img src=\"https:\/\/www.unicesumar.edu.br\/blog\/wp-content\/uploads\/2025\/04\/mulher-cabelo-ruivo-escritorio.webp\" alt=\"Mulher ruiva em escrit\u00f3rio\">\n    <\/div>\n  <\/div>\n\n\n\n<h2>Conhe\u00e7a algumas op\u00e7\u00f5es:<\/h2>\n\n\n\n<h3>P\u00f3s-gradua\u00e7\u00e3o em Neuroaprendizagem<\/h3>\n\n\n\n<p>A<a href=\"https:\/\/inscricoes.unicesumar.edu.br\/curso\/pos-graduacao-em-neuroaprendizagem\" rel=\"noreferrer noopener\" target=\"_blank\"> <\/a><a href=\"https:\/\/inscricoes.unicesumar.edu.br\/curso\/pos-graduacao-em-neuroaprendizagem\" rel=\"noreferrer noopener\" target=\"_blank\">p\u00f3s-gradua\u00e7\u00e3o em Neuroaprendizagem<\/a> aborda a perspectiva neurol\u00f3gica em rela\u00e7\u00e3o ao processo de aprendizagem, oferecendo aos profissionais da \u00e1rea da Educa\u00e7\u00e3o e da Sa\u00fade percep\u00e7\u00f5es sobre os fatores que influenciam o ato de aprender.<\/p>\n\n\n\n<p>Isso inclui uma an\u00e1lise abrangente de elementos, como:<\/p>\n\n\n\n<ul><li>dist\u00farbios no<a href=\"https:\/\/www.unicesumar.edu.br\/blog\/desenvolvimento-pessoal-e-profissional\/\" rel=\"noreferrer noopener\" target=\"_blank\"> <\/a><a href=\"https:\/\/www.unicesumar.edu.br\/blog\/desenvolvimento-pessoal-e-profissional\/\" rel=\"noreferrer noopener\" target=\"_blank\">desenvolvimento<\/a>;<\/li><li>aspectos neurol\u00f3gicos;<\/li><li>considera\u00e7\u00f5es psicol\u00f3gicas;<\/li><li>contextos socioculturais;<\/li><li>dimens\u00f5es afetivas;<\/li><li>impacto da din\u00e2mica familiar.<\/li><\/ul>\n\n\n\n<h3>MBA em Coaching aplicado \u00e0 Gest\u00e3o de Pessoas<\/h3>\n\n\n\n<p>O curso de p\u00f3s-gradua\u00e7\u00e3o<a href=\"https:\/\/inscricoes.unicesumar.edu.br\/curso\/mba-em-coaching-aplicado-a-gestao-de-pessoas\" rel=\"noreferrer noopener\" target=\"_blank\"> <\/a><a href=\"https:\/\/inscricoes.unicesumar.edu.br\/curso\/mba-em-coaching-aplicado-a-gestao-de-pessoas\" rel=\"noreferrer noopener\" target=\"_blank\">MBA em Coaching aplicado \u00e0 Gest\u00e3o de Pessoas<\/a> visa aprimorar a compreens\u00e3o das estrat\u00e9gias de gest\u00e3o integrada de recursos humanos. Tamb\u00e9m oferece t\u00e9cnicas de coaching, com foco em otimizar as <strong>habilidades de lideran\u00e7a e o desempenho das equipes.<\/strong><\/p>\n\n\n\n<h3>P\u00f3s-gradua\u00e7\u00e3o em Gest\u00e3o de Pessoas na Administra\u00e7\u00e3o P\u00fablica<\/h3>\n\n\n\n<p>J\u00e1 a<a href=\"https:\/\/inscricoes.unicesumar.edu.br\/curso\/pos-graduacao-em-gestao-de-pessoas-na-administracao-publica\" rel=\"noreferrer noopener\" target=\"_blank\"> <\/a><a href=\"https:\/\/inscricoes.unicesumar.edu.br\/curso\/pos-graduacao-em-gestao-de-pessoas-na-administracao-publica\" rel=\"noreferrer noopener\" target=\"_blank\">p\u00f3s-gradua\u00e7\u00e3o em Gest\u00e3o de Pessoas na Administra\u00e7\u00e3o P\u00fablica<\/a> capacita os estudantes com conhecimentos te\u00f3ricos e pr\u00e1ticos relacionados \u00e0 gest\u00e3o de recursos humanos. Ainda, ao reconhecimento do potencial individual como uma vantagem competitiva.<\/p>\n\n\n\n<p>Ele visa estimular transforma\u00e7\u00f5es em ambientes organizacionais e cultivar<a href=\"https:\/\/www.unicesumar.edu.br\/blog\/competencias-emocionais\/\" rel=\"noreferrer noopener\" target=\"_blank\"> <\/a><a href=\"https:\/\/www.unicesumar.edu.br\/blog\/competencias-emocionais\/\" rel=\"noreferrer noopener\" target=\"_blank\">compet\u00eancias<\/a> que <strong>aprimorem o desempenho em organiza\u00e7\u00f5es <\/strong>de diversos tamanhos no setor p\u00fablico.<\/p>\n\n\n\n<h3>P\u00f3s-gradua\u00e7\u00e3o em Gest\u00e3o Estrat\u00e9gica de Pessoas.<\/h3>\n\n\n\n<p>Mais uma op\u00e7\u00e3o \u00e9 a<a href=\"https:\/\/inscricoes.unicesumar.edu.br\/curso\/pos-graduacao-em-gestao-estrategica-de-pessoas\" rel=\"noreferrer noopener\" target=\"_blank\"> <\/a><a href=\"https:\/\/inscricoes.unicesumar.edu.br\/curso\/pos-graduacao-em-gestao-estrategica-de-pessoas\" rel=\"noreferrer noopener\" target=\"_blank\">p\u00f3s-gradua\u00e7\u00e3o em Gest\u00e3o Estrat\u00e9gica de Pessoas<\/a>. O curso traz uma vis\u00e3o humanista associada \u00e0 vis\u00e3o de neg\u00f3cios para o estudante aprender a gerenciar equipes de uma maneira estrat\u00e9gica, aumentando a <strong>competitividade da empresa.<\/strong><\/p>\n\n\n\n<p>Ele saber\u00e1 como conduzir os indiv\u00edduos conforme suas habilidades, capacidades e a necessidade da organiza\u00e7\u00e3o. Permite tamb\u00e9m um alinhamento estrat\u00e9gico entre o <strong>patrim\u00f4nio humano<\/strong> e os interesses e demandas do neg\u00f3cio.<\/p>\n\n\n\n<p>Ficou interessado(a)? Saiba que \u00e9 poss\u00edvel aprimorar seus conhecimentos em Psicologia: existem<strong> diversas op\u00e7\u00f5es de p\u00f3s-gradua\u00e7\u00e3o EAD dispon\u00edveis<\/strong>. Elas podem atender \u00e0s necessidades de aprendizado cont\u00ednuo e desenvolvimento profissional na \u00e1rea.<\/p>\n\n\n\n<p>Gostou desse conte\u00fado? Ent\u00e3o, n\u00e3o perca nossos conte\u00fados, assine a nossa newsletter e receba por e-mail.<\/p>\n\n\n<div class=\"kk-star-ratings kksr-auto kksr-align-left kksr-valign-bottom\"\n    data-payload='{&quot;align&quot;:&quot;left&quot;,&quot;id&quot;:&quot;12443&quot;,&quot;slug&quot;:&quot;default&quot;,&quot;valign&quot;:&quot;bottom&quot;,&quot;ignore&quot;:&quot;&quot;,&quot;reference&quot;:&quot;auto&quot;,&quot;class&quot;:&quot;&quot;,&quot;count&quot;:&quot;1&quot;,&quot;legendonly&quot;:&quot;&quot;,&quot;readonly&quot;:&quot;&quot;,&quot;score&quot;:&quot;5&quot;,&quot;starsonly&quot;:&quot;&quot;,&quot;best&quot;:&quot;5&quot;,&quot;gap&quot;:&quot;5&quot;,&quot;greet&quot;:&quot;Avalie este post&quot;,&quot;legend&quot;:&quot;5\\\/5 - (1 vote)&quot;,&quot;size&quot;:&quot;24&quot;,&quot;title&quot;:&quot;\\u00c9 poss\\u00edvel estudar Psicologia EAD? Veja aqui!&quot;,&quot;width&quot;:&quot;142.5&quot;,&quot;_legend&quot;:&quot;{score}\\\/{best} - ({count} {votes})&quot;,&quot;font_factor&quot;:&quot;1.25&quot;}'>\n            \n<div class=\"kksr-stars\">\n    \n<div class=\"kksr-stars-inactive\">\n            <div class=\"kksr-star\" data-star=\"1\" style=\"padding-right: 5px\">\n            \n\n<div class=\"kksr-icon\" style=\"width: 24px; height: 24px;\"><\/div>\n        <\/div>\n            <div class=\"kksr-star\" data-star=\"2\" style=\"padding-right: 5px\">\n            \n\n<div class=\"kksr-icon\" style=\"width: 24px; height: 24px;\"><\/div>\n        <\/div>\n            <div class=\"kksr-star\" data-star=\"3\" style=\"padding-right: 5px\">\n            \n\n<div class=\"kksr-icon\" style=\"width: 24px; height: 24px;\"><\/div>\n        <\/div>\n            <div class=\"kksr-star\" data-star=\"4\" style=\"padding-right: 5px\">\n            \n\n<div class=\"kksr-icon\" style=\"width: 24px; height: 24px;\"><\/div>\n        <\/div>\n            <div class=\"kksr-star\" data-star=\"5\" style=\"padding-right: 5px\">\n            \n\n<div class=\"kksr-icon\" style=\"width: 24px; height: 24px;\"><\/div>\n        <\/div>\n    <\/div>\n    \n<div class=\"kksr-stars-active\" style=\"width: 142.5px;\">\n            <div class=\"kksr-star\" style=\"padding-right: 5px\">\n            \n\n<div class=\"kksr-icon\" style=\"width: 24px; height: 24px;\"><\/div>\n        <\/div>\n            <div class=\"kksr-star\" style=\"padding-right: 5px\">\n            \n\n<div class=\"kksr-icon\" style=\"width: 24px; height: 24px;\"><\/div>\n        <\/div>\n            <div class=\"kksr-star\" style=\"padding-right: 5px\">\n            \n\n<div class=\"kksr-icon\" style=\"width: 24px; height: 24px;\"><\/div>\n        <\/div>\n            <div class=\"kksr-star\" style=\"padding-right: 5px\">\n            \n\n<div class=\"kksr-icon\" style=\"width: 24px; height: 24px;\"><\/div>\n        <\/div>\n            <div class=\"kksr-star\" style=\"padding-right: 5px\">\n            \n\n<div class=\"kksr-icon\" style=\"width: 24px; height: 24px;\"><\/div>\n        <\/div>\n    <\/div>\n<\/div>\n                \n\n<div class=\"kksr-legend\" style=\"font-size: 19.2px;\">\n            5\/5 - (1 vote)    <\/div>\n    <\/div>\n","protected":false},"excerpt":{"rendered":"<p>Descubra as possibilidades de estudar Psicologia de forma flex\u00edvel. Saiba mais sobre a modalidade EAD. <\/p>\n","protected":false},"author":6,"featured_media":12444,"comment_status":"open","ping_status":"open","sticky":false,"template":"","format":"standard","meta":[],"categories":[706],"tags":[],"_links":{"self":[{"href":"https:\/\/www.unicesumar.edu.br\/blog\/wp-json\/wp\/v2\/posts\/12443"}],"collection":[{"href":"https:\/\/www.unicesumar.edu.br\/blog\/wp-json\/wp\/v2\/posts"}],"about":[{"href":"https:\/\/www.unicesumar.edu.br\/blog\/wp-json\/wp\/v2\/types\/post"}],"author":[{"embeddable":true,"href":"https:\/\/www.unicesumar.edu.br\/blog\/wp-json\/wp\/v2\/users\/6"}],"replies":[{"embeddable":true,"href":"https:\/\/www.unicesumar.edu.br\/blog\/wp-json\/wp\/v2\/comments?post=12443"}],"version-history":[{"count":5,"href":"https:\/\/www.unicesumar.edu.br\/blog\/wp-json\/wp\/v2\/posts\/12443\/revisions"}],"predecessor-version":[{"id":13779,"href":"https:\/\/www.unicesumar.edu.br\/blog\/wp-json\/wp\/v2\/posts\/12443\/revisions\/13779"}],"wp:featuredmedia":[{"embeddable":true,"href":"https:\/\/www.unicesumar.edu.br\/blog\/wp-json\/wp\/v2\/media\/12444"}],"wp:attachment":[{"href":"https:\/\/www.unicesumar.edu.br\/blog\/wp-json\/wp\/v2\/media?parent=12443"}],"wp:term":[{"taxonomy":"category","embeddable":true,"href":"https:\/\/www.unicesumar.edu.br\/blog\/wp-json\/wp\/v2\/categories?post=12443"},{"taxonomy":"post_tag","embeddable":true,"href":"https:\/\/www.unicesumar.edu.br\/blog\/wp-json\/wp\/v2\/tags?post=12443"}],"curies":[{"name":"wp","href":"https:\/\/api.w.org\/{rel}","templated":true}]}}