{"id":5069,"date":"2017-08-17T11:17:25","date_gmt":"2017-08-17T14:17:25","guid":{"rendered":"https:\/\/www.unicesumar.edu.br\/blog\/?p=5069"},"modified":"2025-10-24T14:59:01","modified_gmt":"2025-10-24T17:59:01","slug":"importancia-da-gestao-em-rh","status":"publish","type":"post","link":"https:\/\/www.unicesumar.edu.br\/blog\/importancia-da-gestao-em-rh\/","title":{"rendered":"Por que as empresas precisam da Gest\u00e3o em RH?"},"content":{"rendered":"<p><span style=\"font-weight: 400;\">Para entender o papel da Gest\u00e3o em RH, imagine uma empresa que possui cinco departamentos distintos, cada um com dez profissionais t\u00e9cnicos e gestores. Esses times cuidam da produ\u00e7\u00e3o, da distribui\u00e7\u00e3o e do relacionamento com os clientes. Mas quem os contrata? Quem administra suas demandas? Quem \u00e9 o respons\u00e1vel por sua adapta\u00e7\u00e3o \u00e0s diretrizes organizacionais? Quem pensa em pol\u00edticas de reconhecimento e valoriza\u00e7\u00e3o? Quem organiza campanhas de motiva\u00e7\u00e3o e engajamento? Isso mesmo: o setor de Recursos Humanos.<\/span><\/p>\n<p><span style=\"font-weight: 400;\">O gestor de RH precisa ter excelentes habilidades comunicativas e de negocia\u00e7\u00e3o. Afinal, parte importante de sua rotina \u00e9 gerenciar a conviv\u00eancia humana no ambiente de trabalho. \u00a0<\/span><\/p>\n<p><span style=\"font-weight: 400;\">Se voc\u00ea pensa em ingressar nessa \u00e1rea e quer saber mais sobre a atua\u00e7\u00e3o desse profissional, acompanhe nosso texto!<\/span><\/p>\n<p><a href=\"https:\/\/www.youtube.com\/watch?v=FEeRs6oDM0Y&#038;feature=youtu.be\">https:\/\/www.youtube.com\/watch?v=FEeRs6oDM0Y&amp;feature=youtu.be<\/a><\/p>\n<h3><b>Qual \u00e9 a fun\u00e7\u00e3o da gest\u00e3o em RH? <\/b><\/h3>\n<p><span style=\"font-weight: 400;\">Diferente do que a maioria das pessoas pensa, a gest\u00e3o em RH n\u00e3o se preocupa apenas com os tr\u00e2mites legais da contrata\u00e7\u00e3o e demiss\u00e3o dos funcion\u00e1rios. Na verdade, atualmente, \u00e9 bem comum que as empresas terceirizem essas tarefas mais burocr\u00e1ticas para que seu departamento <\/span><span style=\"font-weight: 400;\">tenha um olhar mais voltado ao desenvolvimento da cultura organizacional e tamb\u00e9m das pessoas.<\/span><\/p>\n<p><span style=\"font-weight: 400;\">O capital humano \u00e9 o recurso mais valioso de uma empresa, afinal de contas s\u00e3o as pessoas que produzem, que vendem e que geram lucros. \u00c9 responsabilidade da gest\u00e3o de RH, portanto, administrar essas pessoas, promover meios para que elas se desenvolvam e planejem sua trajet\u00f3ria dentro da organiza\u00e7\u00e3o.<\/span><\/p>\n<p><span style=\"font-weight: 400;\">Esse foco nas pessoas e em suas necessidades otimiza a produtividade e garante bons resultados. Mas o alcance da gest\u00e3o em RH n\u00e3o para por a\u00ed.<\/span><\/p>\n<p><span style=\"font-weight: 400;\">Est\u00e3o sob a al\u00e7ada desse setor, programas de:<\/span><\/p>\n<ul>\n<li style=\"font-weight: 400;\"><span style=\"font-weight: 400;\">adapta\u00e7\u00e3o dos funcion\u00e1rios \u00e0 cultura organizacional;<\/span><\/li>\n<li style=\"font-weight: 400;\"><span style=\"font-weight: 400;\">an\u00e1lise e avalia\u00e7\u00e3o de desempenho;<\/span><\/li>\n<li style=\"font-weight: 400;\"><span style=\"font-weight: 400;\">conviv\u00eancia \u00e9tica e respons\u00e1vel;<\/span><\/li>\n<li style=\"font-weight: 400;\"><span style=\"font-weight: 400;\">conscientiza\u00e7\u00e3o de sa\u00fade e seguran\u00e7a do trabalho;<\/span><\/li>\n<li style=\"font-weight: 400;\"><span style=\"font-weight: 400;\">reten\u00e7\u00e3o de talentos;<\/span><\/li>\n<li style=\"font-weight: 400;\"><span style=\"font-weight: 400;\">a\u00e7\u00f5es e programas de treinamento.<\/span><\/li>\n<\/ul>\n<p><span style=\"font-weight: 400;\">\u00c9 o gestor de RH que d\u00e1 e colhe feedbacks dos colaboradores, mantendo um canal de comunica\u00e7\u00e3o aberto entre eles e a empresa. Al\u00e9m disso, ele tamb\u00e9m serve como guia no caso de desligamento de um funcion\u00e1rio, garantindo que tudo esteja de acordo com a legisla\u00e7\u00e3o trabalhista e fazendo a ponte com o sindicato.<\/span><\/p>\n<h3><b>Qual \u00e9 o perfil desse gestor?<\/b><\/h3>\n<p><span style=\"font-weight: 400;\">Para come\u00e7ar, esse gestor precisa ser um \u00f3timo comunicador, bem como saber lidar com diferentes personalidades, egos e interesses. Como ele \u00e9 o respons\u00e1vel por fazer a media\u00e7\u00e3o entre empresa e funcion\u00e1rio, inclusive nas quest\u00f5es financeiras (como sal\u00e1rios, bonifica\u00e7\u00f5es e aumentos), ele tamb\u00e9m deve ter habilidades<\/span><a href=\"https:\/\/www.unicesumar.edu.br\/blog\/profissional-de-recursos-humanos\/\"> <span style=\"font-weight: 400;\">diplom\u00e1ticas e de concilia\u00e7\u00e3o<\/span><\/a><span style=\"font-weight: 400;\">.<\/span><\/p>\n<p><span style=\"font-weight: 400;\">Em geral, pessoas que escolhem essa \u00e1rea sentem que t\u00eam um perfil de lideran\u00e7a. S\u00e3o observadoras, possuem capacidades anal\u00edticas e se sentem confort\u00e1veis em negociar.<\/span><\/p>\n<p><span style=\"font-weight: 400;\">Tenha em mente que o gestor de RH n\u00e3o apenas segue as diretrizes da empresa, mas ajuda a constru\u00ed-las, zelando pela cultura organizacional.<\/span><\/p>\n<p><span style=\"font-weight: 400;\">Ele \u00e9 uma pessoa que pensa estrategicamente, incentivando os colaboradores a contribuir para o crescimento da empresa de acordo com seu potencial, expertise e habilidade. \u00c9 ele tamb\u00e9m quem cria os planos de carreiras coerentes com os resultados atingidos por esses colaboradores. <\/span><span style=\"font-weight: 400;\">O gestor de RH \u00e9 o gestor que forma os outros gestores!<\/span><\/p>\n<p><span style=\"font-weight: 400;\">Outros atributos que esse profissional deve ter s\u00e3o empatia, intelig\u00eancia emocional e resili\u00eancia,<\/span> <span style=\"font-weight: 400;\">\u00e9tica e muita responsabilidade<\/span><span style=\"font-weight: 400;\">. Sempre haver\u00e1 rotatividade nas empresas, especialmente em momentos de crise econ\u00f4mica e turbul\u00eancias internas. O gestor de RH deve se manter focado no bem-estar dos funcion\u00e1rios e em amenizar o efeito negativo que essas flutua\u00e7\u00f5es surtem no ambiente.<\/span><\/p>\n<p><img loading=\"lazy\" width=\"1000\" height=\"667\" class=\"alignnone size-full wp-image-5120\" src=\"https:\/\/www.unicesumar.edu.br\/blog\/wp-content\/uploads\/2017\/08\/gestao-em-rh-desafios.jpg\" alt=\"Conhe\u00e7a os desafios da Gest\u00e3o em RH\" srcset=\"https:\/\/www.unicesumar.edu.br\/blog\/wp-content\/uploads\/2017\/08\/gestao-em-rh-desafios.jpg 1000w, https:\/\/www.unicesumar.edu.br\/blog\/wp-content\/uploads\/2017\/08\/gestao-em-rh-desafios-300x200.jpg 300w, https:\/\/www.unicesumar.edu.br\/blog\/wp-content\/uploads\/2017\/08\/gestao-em-rh-desafios-768x512.jpg 768w, https:\/\/www.unicesumar.edu.br\/blog\/wp-content\/uploads\/2017\/08\/gestao-em-rh-desafios-800x533.jpg 800w, https:\/\/www.unicesumar.edu.br\/blog\/wp-content\/uploads\/2017\/08\/gestao-em-rh-desafios-380x253.jpg 380w\" sizes=\"(max-width: 1000px) 100vw, 1000px\" \/><\/p>\n<h3><b>Quais s\u00e3o os desafios enfrentados por esse profissional?<\/b><\/h3>\n<p><span style=\"font-weight: 400;\">Como voc\u00ea pode imaginar, a conviv\u00eancia entre diferentes indiv\u00edduos no ambiente de trabalho raramente \u00e9 harm\u00f4nica e sem atritos. Com frequ\u00eancia, emo\u00e7\u00f5es como ci\u00fame, orgulho, ambi\u00e7\u00e3o e baixa autoestima assumem o controle e isso acaba gerando conflitos.<\/span><\/p>\n<p><span style=\"font-weight: 400;\">Conflitos s\u00e3o um dos desafios que os gestores de RH enfrentam dentro das organiza\u00e7\u00f5es. Eles devem ser gerenciados para n\u00e3o comprometerem a produtividade e o clima do ambiente. Para isso, \u00e9 necess\u00e1rio ter tato e flexibilidade.<\/span><\/p>\n<p><span style=\"font-weight: 400;\">Outro ponto que requer aten\u00e7\u00e3o \u00e9 a tomada de decis\u00e3o. Para tomar decis\u00f5es embasadas e s\u00f3lidas sobre um aumento, uma promo\u00e7\u00e3o ou sobre as compet\u00eancias de um cargo, por exemplo, \u00e9 preciso saber analisar informa\u00e7\u00f5es e ponderar vari\u00e1veis internas e externas \u00e0 organiza\u00e7\u00e3o.<\/span><\/p>\n<p><span style=\"font-weight: 400;\">Por fim, um gestor deve participar do dia a dia dos colaboradores, estar a par de suas ang\u00fastias e reivindica\u00e7\u00f5es. Ser participativo \u00e9 um desafio. Como seu papel \u00e9 justamente fazer essa media\u00e7\u00e3o entre funcion\u00e1rios, gestores t\u00e9cnicos e empresa, o gestor de RH precisa se habituar a ouvir e n\u00e3o apenas a falar.<\/span><\/p>\n<h3><b>Quais s\u00e3o as tend\u00eancias para essa \u00e1rea?<\/b><\/h3>\n<p><span style=\"font-weight: 400;\">Cada vez mais, os colaboradores s\u00e3o valorizados pelas empresas que os contratam. Estamos abandonando a era do \u201cproduzir mais\u201d e entrando na era do \u201cproduzir melhor\u201d.<\/span><\/p>\n<p><a href=\"http:\/\/www.istoedinheiro.com.br\/noticias\/negocios\/20151030\/pessoas-felizes-trabalham-melhor\/313539\"><span style=\"font-weight: 400;\">Muitas empresas<\/span><\/a><span style=\"font-weight: 400;\"> j\u00e1 entenderam que a qualidade de vida de um funcion\u00e1rio deve ser prioridade, pois isso far\u00e1 com que ele vista a camisa e enxergue sua contrata\u00e7\u00e3o como uma parceria de fato. Um funcion\u00e1rio feliz, satisfeito e saud\u00e1vel, cujo diferencial e potencial s\u00e3o reconhecidos, representa uma vantagem competitiva enorme.<\/span><\/p>\n<p><span style=\"font-weight: 400;\">Assim, uma tend\u00eancia da gest\u00e3o em RH \u00e9 trabalhar mais no sentido de procurar maneiras de valorizar os colaboradores, ajud\u00e1-los a desenvolver seu potencial e garantir um clima organizacional acolhedor e criativo.<\/span><\/p>\n<p><span style=\"font-weight: 400;\">Outra tend\u00eancia \u00e9 o recrutamento de talentos por meio das redes sociais. A maioria dos jovens mant\u00e9m seus perfis em plataformas como<\/span><a href=\"http:\/\/g1.globo.com\/globo-news\/contacorrente\/noticia\/2015\/01\/redes-sociais-se-tornam-importante-ferramenta-de-recrutamento.html\"> <span style=\"font-weight: 400;\">Twitter, Facebook e Instagram<\/span><\/a><span style=\"font-weight: 400;\"> atualizados, cheios de refer\u00eancias e demonstra\u00e7\u00f5es de habilidades e conquistas. Essa nova gera\u00e7\u00e3o v\u00ea nessas m\u00eddias uma oportunidade de mostrar seu potencial ao mundo. Consequentemente, torna-se cada vez mais comum identificar talentos a partir desses meios. <\/span><\/p>\n<p><span style=\"font-weight: 400;\">A flexibilidade da jornada de trabalho e a possibilidade de atuar em <\/span><i><span style=\"font-weight: 400;\">home office <\/span><\/i><span style=\"font-weight: 400;\">tamb\u00e9m est\u00e3o ganhando espa\u00e7o nas empresas. Essas novas formas de v\u00ednculo requerem do gestor um conhecimento atualizado da legisla\u00e7\u00e3o trabalhista.<\/span><\/p>\n<h3><b>Qual a import\u00e2ncia da gest\u00e3o de RH?<\/b><\/h3>\n<p><span style=\"font-weight: 400;\">Ao longo deste artigo, procuramos demonstrar a relev\u00e2ncia estrat\u00e9gica do gestor de Recursos Humanos para as organiza\u00e7\u00f5es. Explicamos qual \u00e9 o perfil desse profissional, quais s\u00e3o os desafios que a carreira apresenta e os panoramas de mudan\u00e7a.<\/span><\/p>\n<p><span style=\"font-weight: 400;\">Uma boa gest\u00e3o em RH traz um diferencial competitivo para empresa, otimizando seus resultados. Isso porque esse setor e seu gestor se preocupam com as pessoas e suas necessidades, em garantir seu desenvolvimento e promover sua qualidade de vida, satisfa\u00e7\u00e3o e seguran\u00e7a.<\/span><\/p>\n<p><span style=\"font-weight: 400;\">Est\u00e1 interessado em se tornar um gestor de Recursos Humanos?<\/span><a href=\"https:\/\/www.unicesumar.edu.br\/ead\/cursos-graduacao\/gestao-de-recursos-humanos\/\"> <span style=\"font-weight: 400;\">Saiba como se capacitar para atuar nessa \u00e1rea<\/span><\/a><span style=\"font-weight: 400;\">!<\/span><\/p>\n<p><a href=\"https:\/\/conteudo.unicesumar.edu.br\/gestao-de-rh-e-o-mercado-de-trabalho\"><img loading=\"lazy\" class=\"alignnone wp-image-6017 size-full\" src=\"https:\/\/www.unicesumar.edu.br\/blog\/wp-content\/uploads\/2017\/08\/cta2-rh.png\" alt=\"cta2-rh\" width=\"843\" height=\"304\" srcset=\"https:\/\/www.unicesumar.edu.br\/blog\/wp-content\/uploads\/2017\/08\/cta2-rh.png 843w, https:\/\/www.unicesumar.edu.br\/blog\/wp-content\/uploads\/2017\/08\/cta2-rh-300x108.png 300w, https:\/\/www.unicesumar.edu.br\/blog\/wp-content\/uploads\/2017\/08\/cta2-rh-768x277.png 768w\" sizes=\"(max-width: 843px) 100vw, 843px\" \/><\/a><\/p>\n\n\n<div class=\"kk-star-ratings kksr-auto kksr-align-left kksr-valign-bottom\"\n    data-payload='{&quot;align&quot;:&quot;left&quot;,&quot;id&quot;:&quot;5069&quot;,&quot;slug&quot;:&quot;default&quot;,&quot;valign&quot;:&quot;bottom&quot;,&quot;ignore&quot;:&quot;&quot;,&quot;reference&quot;:&quot;auto&quot;,&quot;class&quot;:&quot;&quot;,&quot;count&quot;:&quot;0&quot;,&quot;legendonly&quot;:&quot;&quot;,&quot;readonly&quot;:&quot;&quot;,&quot;score&quot;:&quot;0&quot;,&quot;starsonly&quot;:&quot;&quot;,&quot;best&quot;:&quot;5&quot;,&quot;gap&quot;:&quot;5&quot;,&quot;greet&quot;:&quot;Avalie este post&quot;,&quot;legend&quot;:&quot;0\\\/5 - (0 votes)&quot;,&quot;size&quot;:&quot;24&quot;,&quot;title&quot;:&quot;Por que as empresas precisam da Gest\\u00e3o em RH?&quot;,&quot;width&quot;:&quot;0&quot;,&quot;_legend&quot;:&quot;{score}\\\/{best} - ({count} {votes})&quot;,&quot;font_factor&quot;:&quot;1.25&quot;}'>\n            \n<div class=\"kksr-stars\">\n    \n<div class=\"kksr-stars-inactive\">\n            <div class=\"kksr-star\" data-star=\"1\" style=\"padding-right: 5px\">\n            \n\n<div class=\"kksr-icon\" style=\"width: 24px; height: 24px;\"><\/div>\n        <\/div>\n            <div class=\"kksr-star\" data-star=\"2\" style=\"padding-right: 5px\">\n            \n\n<div class=\"kksr-icon\" style=\"width: 24px; height: 24px;\"><\/div>\n        <\/div>\n            <div class=\"kksr-star\" data-star=\"3\" style=\"padding-right: 5px\">\n            \n\n<div class=\"kksr-icon\" style=\"width: 24px; height: 24px;\"><\/div>\n        <\/div>\n            <div class=\"kksr-star\" data-star=\"4\" style=\"padding-right: 5px\">\n            \n\n<div class=\"kksr-icon\" style=\"width: 24px; height: 24px;\"><\/div>\n        <\/div>\n            <div class=\"kksr-star\" data-star=\"5\" style=\"padding-right: 5px\">\n            \n\n<div class=\"kksr-icon\" style=\"width: 24px; height: 24px;\"><\/div>\n        <\/div>\n    <\/div>\n    \n<div class=\"kksr-stars-active\" style=\"width: 0px;\">\n            <div class=\"kksr-star\" style=\"padding-right: 5px\">\n            \n\n<div class=\"kksr-icon\" style=\"width: 24px; height: 24px;\"><\/div>\n        <\/div>\n            <div class=\"kksr-star\" style=\"padding-right: 5px\">\n            \n\n<div class=\"kksr-icon\" style=\"width: 24px; height: 24px;\"><\/div>\n        <\/div>\n            <div class=\"kksr-star\" style=\"padding-right: 5px\">\n            \n\n<div class=\"kksr-icon\" style=\"width: 24px; height: 24px;\"><\/div>\n        <\/div>\n            <div class=\"kksr-star\" style=\"padding-right: 5px\">\n            \n\n<div class=\"kksr-icon\" style=\"width: 24px; height: 24px;\"><\/div>\n        <\/div>\n            <div class=\"kksr-star\" style=\"padding-right: 5px\">\n            \n\n<div class=\"kksr-icon\" style=\"width: 24px; height: 24px;\"><\/div>\n        <\/div>\n    <\/div>\n<\/div>\n                \n\n<div class=\"kksr-legend\" style=\"font-size: 19.2px;\">\n            <span class=\"kksr-muted\">Avalie este post<\/span>\n    <\/div>\n    <\/div>\n","protected":false},"excerpt":{"rendered":"<p>Para entender o papel da Gest\u00e3o em RH, imagine uma empresa que possui cinco departamentos distintos, cada um com dez profissionais t\u00e9cnicos e gestores. Esses times cuidam da produ\u00e7\u00e3o, da distribui\u00e7\u00e3o e do relacionamento com os clientes. Mas quem os contrata? Quem administra suas demandas? Quem \u00e9 o respons\u00e1vel por sua adapta\u00e7\u00e3o \u00e0s diretrizes organizacionais? [&hellip;]<\/p>\n","protected":false},"author":6,"featured_media":5119,"comment_status":"open","ping_status":"open","sticky":false,"template":"","format":"standard","meta":[],"categories":[714],"tags":[253,254,93,255],"_links":{"self":[{"href":"https:\/\/www.unicesumar.edu.br\/blog\/wp-json\/wp\/v2\/posts\/5069"}],"collection":[{"href":"https:\/\/www.unicesumar.edu.br\/blog\/wp-json\/wp\/v2\/posts"}],"about":[{"href":"https:\/\/www.unicesumar.edu.br\/blog\/wp-json\/wp\/v2\/types\/post"}],"author":[{"embeddable":true,"href":"https:\/\/www.unicesumar.edu.br\/blog\/wp-json\/wp\/v2\/users\/6"}],"replies":[{"embeddable":true,"href":"https:\/\/www.unicesumar.edu.br\/blog\/wp-json\/wp\/v2\/comments?post=5069"}],"version-history":[{"count":9,"href":"https:\/\/www.unicesumar.edu.br\/blog\/wp-json\/wp\/v2\/posts\/5069\/revisions"}],"predecessor-version":[{"id":14466,"href":"https:\/\/www.unicesumar.edu.br\/blog\/wp-json\/wp\/v2\/posts\/5069\/revisions\/14466"}],"wp:featuredmedia":[{"embeddable":true,"href":"https:\/\/www.unicesumar.edu.br\/blog\/wp-json\/wp\/v2\/media\/5119"}],"wp:attachment":[{"href":"https:\/\/www.unicesumar.edu.br\/blog\/wp-json\/wp\/v2\/media?parent=5069"}],"wp:term":[{"taxonomy":"category","embeddable":true,"href":"https:\/\/www.unicesumar.edu.br\/blog\/wp-json\/wp\/v2\/categories?post=5069"},{"taxonomy":"post_tag","embeddable":true,"href":"https:\/\/www.unicesumar.edu.br\/blog\/wp-json\/wp\/v2\/tags?post=5069"}],"curies":[{"name":"wp","href":"https:\/\/api.w.org\/{rel}","templated":true}]}}