{"id":7586,"date":"2018-09-21T11:12:11","date_gmt":"2018-09-21T14:12:11","guid":{"rendered":"https:\/\/www.unicesumar.edu.br\/blog\/?p=7586"},"modified":"2026-01-08T14:41:53","modified_gmt":"2026-01-08T17:41:53","slug":"mundo-do-design-de-produto","status":"publish","type":"post","link":"https:\/\/www.unicesumar.edu.br\/blog\/mundo-do-design-de-produto\/","title":{"rendered":"Conhe\u00e7a o mundo do Design de Produto"},"content":{"rendered":"<p>O mundo do Design de Produto \u00e9 cheio de possibilidades. Desde a prototipagem at\u00e9 o desenvolvimento de mercadorias, s\u00e3o v\u00e1rios conceitos, processos e m\u00e9todos\u00a0de trabalho para os profissionais do ramo.<\/p>\n<p>Em participa\u00e7\u00e3o no Congresso Moveleiro \u2013 um dos eventos mais importantes da \u00e1rea \u2013,\u00a0 tr\u00eas professores da Unicesumar falaram sobre fatores important\u00edssimos para o dia a dia da profiss\u00e3o.<\/p>\n<p>Siga com a gente e sabia mais sobre aspectos\u00a0fundamentais do\u00a0mundo Design de Produto!<\/p>\n<h2>4 aspectos do mundo do Design de Produto<\/h2>\n<h3>1. Briefing<\/h3>\n<p>Briefing ou programa de necessidades s\u00e3o termos utilizados no processo para coletar informa\u00e7\u00f5es do cliente, visando alcan\u00e7ar o maior n\u00famero de dados poss\u00edveis para o desenvolvimento de um trabalho.<\/p>\n<p>No mundo do Design de Produto, o briefing \u00e9 aquela reuni\u00e3o inicial que voc\u00ea faz com o cliente.\u00a0Nessa etapa,\u00a0s\u00e3o expostas\u00a0as necessidades, desejos\u00a0 e expectativas para o desenvolvimento do trabalho.<\/p>\n<p>Voc\u00ea j\u00e1 teve a experi\u00eancia de fazer um briefing? Experimente, \u00e9 uma ferramenta muito interessante e pode ser divertida.<\/p>\n<div class=\"responsiveEmbedVideo\"><iframe loading=\"lazy\" title=\"O que \u00e9 briefing? - Prof\u00aa: Let\u00edcia Roque\" width=\"800\" height=\"450\" src=\"https:\/\/www.youtube.com\/embed\/lLQmiJ19tiw?feature=oembed\" frameborder=\"0\" allow=\"accelerometer; autoplay; clipboard-write; encrypted-media; gyroscope; picture-in-picture; web-share\" referrerpolicy=\"strict-origin-when-cross-origin\" allowfullscreen><\/iframe><\/div>\n<p>O briefing \u00e9 uma das etapas mais decisivas para a contrata\u00e7\u00e3o e o bom andamento de um projeto.\u00a0\u00c9 nessa hora que voc\u00ea precisa colher junto ao cliente o m\u00e1ximo de informa\u00e7\u00f5es necess\u00e1rias para entender suas reais necessidades e ent\u00e3o poder desenvolver um trabalho de acordo com tais anseios.<\/p>\n<p>Temos que construir um\u00a0programa de necessidades juntamente com o cliente, de maneira colaborativa. Precisamos fazer as perguntas certas e ficar atentos para \u201cpescar\u201d coisas que o cliente possa estar esquecendo, al\u00e9m de auxiliar no balanceamento de informa\u00e7\u00f5es distorcidas ou poss\u00edveis exageros.<\/p>\n<p>Um briefing mal feito ir\u00e1 gerar m\u00e1 interpreta\u00e7\u00e3o e certamente resultar\u00e1 em perda de tempo e dinheiro, podendo tamb\u00e9m gerar desgastes desnecess\u00e1rios entre profissional e cliente.<\/p>\n<p>\u00c9 importante tamb\u00e9m deixar o cliente confort\u00e1vel e transformar esse momento em uma conversa casual, sem deixar de passar confian\u00e7a e credibilidade. Ap\u00f3s esse momento, organize os dados colhidos e estude, assim o projeto ter\u00e1 \u00eaxito por estar bem fundamentado, evitando qualquer erro.<\/p>\n<h3>2. Estilos do Design<\/h3>\n<p>Hoje em dia, decorar uma casa requer bastantes conhecimentos sobre os diferentes estilos existentes. Para n\u00e3o cometer erros, devemos entender as especificidades de todos os estilos existentes, de maneira que os espa\u00e7os planejados fiquem harm\u00f4nicos, com identidade e cheios de personalidade.<\/p>\n<p>O mundo do Design de Produto \u2013 e o Design, no geral \u2013 \u00e9 marcado por uma s\u00e9rie de estilos que podem ser observados nos detalhes de cada espa\u00e7o. A ornamenta\u00e7\u00e3o, a composi\u00e7\u00e3o do espa\u00e7o, cores, texturas, elementos e princ\u00edpios s\u00e3o condicionantes que caracterizam um estilo de Design.<\/p>\n<p>Os principais estilos s\u00e3o Cl\u00e1ssico, Proven\u00e7al, Retr\u00f4 e Vintage, Minimalista, R\u00fastico, Moderno e Contempor\u00e2neo.<\/p>\n<div class=\"responsiveEmbedVideo\"><iframe loading=\"lazy\" title=\"Os Estilos do Design - Prof\u00ba Fernando Novaes\" width=\"800\" height=\"450\" src=\"https:\/\/www.youtube.com\/embed\/ReiftwEuQXU?feature=oembed\" frameborder=\"0\" allow=\"accelerometer; autoplay; clipboard-write; encrypted-media; gyroscope; picture-in-picture; web-share\" referrerpolicy=\"strict-origin-when-cross-origin\" allowfullscreen><\/iframe><\/div>\n<p><strong>Estilo cl\u00e1ssico:<\/strong>\u00a0m\u00f3veis de linhas retas e que nunca saem de moda. Cores neutras e s\u00f3brias,\u00a0complementadas por acess\u00f3rios. M\u00f3veis em cerejeira, de estrutura grande em conjunto com pe\u00e7as antigas e em cores verde e azul.<\/p>\n<p><strong>Estilo proven\u00e7a:<\/strong>\u00a0esse estilo \u00e9 voltado para uma decora\u00e7\u00e3o mais rom\u00e2ntica. Os tons s\u00e3o suaves e s\u00e3o usadas t\u00e9cnicas de envelhecimento. Os m\u00f3veis s\u00e3o pintados de branco com acabamento de p\u00e1tina e os detalhes ficam por conta de almofadas em estampas florais e enfeites delicados.<\/p>\n<p><strong>Retr\u00f4\/Vintage:<\/strong>\u00a0essa moda est\u00e1 em alta e nos faz voltar ao passado. No mercado, j\u00e1 existe aparelhos e m\u00f3veis em estilo retr\u00f4, mas com <a href=\"https:\/\/www.unicesumar.edu.br\/blog\/areas-de-tecnologia\/\">tecnologia<\/a> avan\u00e7ada.<\/p>\n<p><strong>Moderno:\u00a0<\/strong>\u00e9 funcional e pr\u00e1tico. Voltado para quem n\u00e3o tem tempo de se dedicar aos afazeres dom\u00e9sticos. Possibilita a mistura de diferentes estilos, mas sem perder o charme de uma decora\u00e7\u00e3o moderna.<\/p>\n<p><strong>Minimalista:<\/strong>\u00a0esse estilo \u00e9 um resultado de in\u00fameros movimentos art\u00edsticos e culturais do in\u00edcio do s\u00e9culo XX, sendo adotado por designers em meados dos anos\u00a080. A principal influ\u00eancia na decora\u00e7\u00e3o veio da cultura japonesa. Para isso, \u00e9 necess\u00e1rio subtrair\u00a0tudo o que for\u00a0desnecess\u00e1rio e sup\u00e9rfluo. Na decora\u00e7\u00e3o, h\u00e1 poucos objetos, cores neutras e m\u00f3veis funcionais.<\/p>\n<p><strong>Contempor\u00e2neo:<\/strong>\u00a0em geral, o contempor\u00e2neo deixa o espa\u00e7o acolhedor por causa da mistura de estilos, elementos, formas e cores. Ele aceita os m\u00f3veis antigos incorporados com mobili\u00e1rios novos. O vintage com o moderno minimalista \u00e9 uma forte influ\u00eancia do contempor\u00e2neo.<\/p>\n<p>A personaliza\u00e7\u00e3o do espa\u00e7o \u00e9 o foco principal e a busca \u00e9 pelo equil\u00edbrio e intimismo dos ambientes atrav\u00e9s da funcionalidade com conforto. A praticidade\u00a0faz parte de ambientes contempor\u00e2neos, que s\u00e3o compostos de m\u00f3veis de algod\u00e3o e couro,\u00a0estampas, texturas\u00a0e muita personalidade. Aceita bem objetos de acr\u00edlico, cromados ou at\u00e9 de pl\u00e1stico.<\/p>\n<h3>3. Design Ef\u00eamero<\/h3>\n<p>Projetar uma instala\u00e7\u00e3o ef\u00eamera de qualquer natureza n\u00e3o \u00e9 apenas desenhar algo tempor\u00e1rio. Significa contar uma hist\u00f3ria, levar adiante um conceito abstrato, criar experi\u00eancias por meio de aspectos construtivos e de comunica\u00e7\u00e3o.<\/p>\n<p>O mundo do Design de Produto \u00e9 caracterizado pelo processo de pensamento da cria\u00e7\u00e3o de algo, seja um produto, fala, escrita, desenho, modelagem, constru\u00e7\u00e3o etc. J\u00e1 o ef\u00eamero corresponde a ocorr\u00eancias tempor\u00e1rias, transit\u00f3rias.<\/p>\n<p>O Design Ef\u00eamero corresponde a estruturas ou pe\u00e7as criadas com a inten\u00e7\u00e3o, desde a fase de projeto, de cumprir sua fun\u00e7\u00e3o em um determinado intervalo de tempo.<\/p>\n<div class=\"responsiveEmbedVideo\"><iframe loading=\"lazy\" title=\"O Design Ef\u00eamero - Prof\u00ba Fernando Novaes\" width=\"800\" height=\"450\" src=\"https:\/\/www.youtube.com\/embed\/erprB3pdeRw?feature=oembed\" frameborder=\"0\" allow=\"accelerometer; autoplay; clipboard-write; encrypted-media; gyroscope; picture-in-picture; web-share\" referrerpolicy=\"strict-origin-when-cross-origin\" allowfullscreen><\/iframe><\/div>\n<p>Segundo Evelise Grunow, na revista ABC Design, Design Ef\u00eamero \u00e9 uma comunica\u00e7\u00e3o tempor\u00e1ria de contato com o p\u00fablico que administra uma marca (produto\/servi\u00e7o) ou um evento. Envolve principalmente quest\u00f5es de consumo e identidade social, cultural e econ\u00f4mica.<\/p>\n<p>Alguns exemplos de instala\u00e7\u00f5es ef\u00eameras s\u00e3o: design de stands, vitrines, anima\u00e7\u00f5es promocionais, pop-up stores, design de exposi\u00e7\u00f5es ou at\u00e9 mesmo um cen\u00e1rio montado para um desfile de moda.<\/p>\n<p>Ou seja, todo e qualquer ambiente projetado para permanecer por um curto per\u00edodo de tempo, independentemente do objetivo: expor obras de um artista, vender um produto de edi\u00e7\u00e3o limitada ou promover uma marca.<\/p>\n<h3>4. O Design\u00a0\u00e9 para todos!<\/h3>\n<p>Entende-se por\u00a0<strong>Design<\/strong>\u00a0a melhoria dos aspectos funcionais, ergon\u00f4micos e visuais do produto, de modo a atender \u00e0s necessidades do consumidor, melhorando o conforto, a seguran\u00e7a e a satisfa\u00e7\u00e3o dos usu\u00e1rios.<\/p>\n<p>Durante sua evolu\u00e7\u00e3o, o\u00a0<strong>Design<\/strong>\u00a0teve momentos em que representava claramente a cultura de um pa\u00eds ou regi\u00e3o: design italiano, americano, alem\u00e3o, japon\u00eas.<\/p>\n<p>Isso, \u00e9 claro, reflete no mundo do Design de Produto.<\/p>\n<p>Com a troca de informa\u00e7\u00f5es em todo o mundo e o processo de &#8220;globaliza\u00e7\u00e3o&#8221;, pouco a pouco as diferen\u00e7as culturais entre produtos de diversos pa\u00edses foram diminuindo, levando \u00e0 proje\u00e7\u00e3o de um produto aceito internacionalmente.<\/p>\n<p>Hoje se est\u00e1 chegando a um equil\u00edbrio: o produto deve ser bem aceito no mundo todo, mas mantendo uma identidade nacional, ou seja, ele deve representar aspectos positivos do pa\u00eds em que foi criado.<\/p>\n<div class=\"responsiveEmbedVideo\"><iframe loading=\"lazy\" title=\"Design para Todos  - Prof \u00aa Let\u00edcia Roque\" width=\"800\" height=\"450\" src=\"https:\/\/www.youtube.com\/embed\/ES5SGfMSBWo?feature=oembed\" frameborder=\"0\" allow=\"accelerometer; autoplay; clipboard-write; encrypted-media; gyroscope; picture-in-picture; web-share\" referrerpolicy=\"strict-origin-when-cross-origin\" allowfullscreen><\/iframe><\/div>\n<p>Outro ponto importante \u00e9 que, com a globaliza\u00e7\u00e3o, o Design agora \u00e9 para todos. O acesso \u00e0 informa\u00e7\u00e3o transformou os consumidores de todas as classes sociais em clientes mais exigentes e antenados com as novidades, que buscam um produto com conforto, beleza e durabilidade.<\/p>\n<p>O gerente de design e tend\u00eancias da Tok&amp;Stok \u2013 tradicionalmente visitada pelo p\u00fablico AB \u2013 observa que, nos \u00faltimos anos, a classe C passou a frequentar mais as lojas da rede. \u201cEm geral, eles buscam m\u00f3veis com dimens\u00f5es pequenas, como sof\u00e1s retr\u00e1teis e pufes\u201d, diz o executivo. \u201cOs consumidores est\u00e3o fugindo dos m\u00f3veis tradicionais e optando por aqueles com design arrojado, mas com tamanhos reduzidos\u201d, afirma o diretor comercial do Magazine Luiza, Ricardo Saluti. Reflexo direto do novo perfil de moradia, que conta com ambientes compactos.<\/p>\n<p>E a\u00ed, o que achou dos v\u00eddeos? Deu para\u00a0sentir o mundo do Design de Produto e\u00a0entender como funciona a profiss\u00e3o?<\/p>\n<p>Caso\u00a0voc\u00ea\u00a0tenha se interessado pela \u00e1rea, n\u00e3o deixe de conhecer o <a href=\"https:\/\/www.unicesumar.edu.br\/ead\/cursos-graduacao\/design-de-produto\/\">curso de Design de Produto a dist\u00e2ncia na Unicesumar<\/a>.<\/p>\n\n\n<div class=\"kk-star-ratings kksr-auto kksr-align-left kksr-valign-bottom\"\n    data-payload='{&quot;align&quot;:&quot;left&quot;,&quot;id&quot;:&quot;7586&quot;,&quot;slug&quot;:&quot;default&quot;,&quot;valign&quot;:&quot;bottom&quot;,&quot;ignore&quot;:&quot;&quot;,&quot;reference&quot;:&quot;auto&quot;,&quot;class&quot;:&quot;&quot;,&quot;count&quot;:&quot;0&quot;,&quot;legendonly&quot;:&quot;&quot;,&quot;readonly&quot;:&quot;&quot;,&quot;score&quot;:&quot;0&quot;,&quot;starsonly&quot;:&quot;&quot;,&quot;best&quot;:&quot;5&quot;,&quot;gap&quot;:&quot;5&quot;,&quot;greet&quot;:&quot;Avalie este post&quot;,&quot;legend&quot;:&quot;0\\\/5 - (0 votes)&quot;,&quot;size&quot;:&quot;24&quot;,&quot;title&quot;:&quot;Conhe\\u00e7a o mundo do Design de Produto&quot;,&quot;width&quot;:&quot;0&quot;,&quot;_legend&quot;:&quot;{score}\\\/{best} - ({count} {votes})&quot;,&quot;font_factor&quot;:&quot;1.25&quot;}'>\n            \n<div class=\"kksr-stars\">\n    \n<div class=\"kksr-stars-inactive\">\n            <div class=\"kksr-star\" data-star=\"1\" style=\"padding-right: 5px\">\n            \n\n<div class=\"kksr-icon\" style=\"width: 24px; height: 24px;\"><\/div>\n        <\/div>\n            <div class=\"kksr-star\" data-star=\"2\" style=\"padding-right: 5px\">\n            \n\n<div class=\"kksr-icon\" style=\"width: 24px; height: 24px;\"><\/div>\n        <\/div>\n            <div class=\"kksr-star\" data-star=\"3\" style=\"padding-right: 5px\">\n            \n\n<div class=\"kksr-icon\" style=\"width: 24px; height: 24px;\"><\/div>\n        <\/div>\n            <div class=\"kksr-star\" data-star=\"4\" style=\"padding-right: 5px\">\n            \n\n<div class=\"kksr-icon\" style=\"width: 24px; height: 24px;\"><\/div>\n        <\/div>\n            <div class=\"kksr-star\" data-star=\"5\" style=\"padding-right: 5px\">\n            \n\n<div class=\"kksr-icon\" style=\"width: 24px; height: 24px;\"><\/div>\n        <\/div>\n    <\/div>\n    \n<div class=\"kksr-stars-active\" style=\"width: 0px;\">\n            <div class=\"kksr-star\" style=\"padding-right: 5px\">\n            \n\n<div class=\"kksr-icon\" style=\"width: 24px; height: 24px;\"><\/div>\n        <\/div>\n            <div class=\"kksr-star\" style=\"padding-right: 5px\">\n            \n\n<div class=\"kksr-icon\" style=\"width: 24px; height: 24px;\"><\/div>\n        <\/div>\n            <div class=\"kksr-star\" style=\"padding-right: 5px\">\n            \n\n<div class=\"kksr-icon\" style=\"width: 24px; height: 24px;\"><\/div>\n        <\/div>\n            <div class=\"kksr-star\" style=\"padding-right: 5px\">\n            \n\n<div class=\"kksr-icon\" style=\"width: 24px; height: 24px;\"><\/div>\n        <\/div>\n            <div class=\"kksr-star\" style=\"padding-right: 5px\">\n            \n\n<div class=\"kksr-icon\" style=\"width: 24px; height: 24px;\"><\/div>\n        <\/div>\n    <\/div>\n<\/div>\n                \n\n<div class=\"kksr-legend\" style=\"font-size: 19.2px;\">\n            <span class=\"kksr-muted\">Avalie este post<\/span>\n    <\/div>\n    <\/div>\n","protected":false},"excerpt":{"rendered":"<p>O mundo do Design de Produto \u00e9 cheio de possibilidades. Desde a prototipagem at\u00e9 o desenvolvimento de mercadorias, s\u00e3o v\u00e1rios conceitos, processos e m\u00e9todos\u00a0de trabalho para os profissionais do ramo. Em participa\u00e7\u00e3o no Congresso Moveleiro \u2013 um dos eventos mais importantes da \u00e1rea \u2013,\u00a0 tr\u00eas professores da Unicesumar falaram sobre fatores important\u00edssimos para o dia [&hellip;]<\/p>\n","protected":false},"author":6,"featured_media":7653,"comment_status":"open","ping_status":"open","sticky":false,"template":"","format":"standard","meta":[],"categories":[706],"tags":[473,298,443,152],"_links":{"self":[{"href":"https:\/\/www.unicesumar.edu.br\/blog\/wp-json\/wp\/v2\/posts\/7586"}],"collection":[{"href":"https:\/\/www.unicesumar.edu.br\/blog\/wp-json\/wp\/v2\/posts"}],"about":[{"href":"https:\/\/www.unicesumar.edu.br\/blog\/wp-json\/wp\/v2\/types\/post"}],"author":[{"embeddable":true,"href":"https:\/\/www.unicesumar.edu.br\/blog\/wp-json\/wp\/v2\/users\/6"}],"replies":[{"embeddable":true,"href":"https:\/\/www.unicesumar.edu.br\/blog\/wp-json\/wp\/v2\/comments?post=7586"}],"version-history":[{"count":12,"href":"https:\/\/www.unicesumar.edu.br\/blog\/wp-json\/wp\/v2\/posts\/7586\/revisions"}],"predecessor-version":[{"id":14835,"href":"https:\/\/www.unicesumar.edu.br\/blog\/wp-json\/wp\/v2\/posts\/7586\/revisions\/14835"}],"wp:featuredmedia":[{"embeddable":true,"href":"https:\/\/www.unicesumar.edu.br\/blog\/wp-json\/wp\/v2\/media\/7653"}],"wp:attachment":[{"href":"https:\/\/www.unicesumar.edu.br\/blog\/wp-json\/wp\/v2\/media?parent=7586"}],"wp:term":[{"taxonomy":"category","embeddable":true,"href":"https:\/\/www.unicesumar.edu.br\/blog\/wp-json\/wp\/v2\/categories?post=7586"},{"taxonomy":"post_tag","embeddable":true,"href":"https:\/\/www.unicesumar.edu.br\/blog\/wp-json\/wp\/v2\/tags?post=7586"}],"curies":[{"name":"wp","href":"https:\/\/api.w.org\/{rel}","templated":true}]}}