{"id":7795,"date":"2018-11-01T08:17:52","date_gmt":"2018-11-01T11:17:52","guid":{"rendered":"https:\/\/www.unicesumar.edu.br\/blog\/?p=7795"},"modified":"2026-01-08T14:42:43","modified_gmt":"2026-01-08T17:42:43","slug":"pos-graduacao-em-gestao-estrategica-do-varejo","status":"publish","type":"post","link":"https:\/\/www.unicesumar.edu.br\/blog\/pos-graduacao-em-gestao-estrategica-do-varejo\/","title":{"rendered":"P\u00f3s-gradua\u00e7\u00e3o em Gest\u00e3o Estrat\u00e9gica do Varejo"},"content":{"rendered":"<p><strong>Por:\u00a0Yony Brugnolo Alves<\/strong><\/p>\n<p>Voc\u00ea tem interesse em cursar\u00a0 uma p\u00f3s-gradua\u00e7\u00e3o em Gest\u00e3o Estrat\u00e9gica do Varejo e n\u00e3o conhece os detalhes deste curso? Fique por dentro das principais d\u00favidas.<\/p>\n<p><strong>O que \u00e9\u00a0p\u00f3s-gradua\u00e7\u00e3o em Gest\u00e3o Estrat\u00e9gica do Varejo?<\/strong><\/p>\n<p>\u00c9 um curso com s\u00f3lido embasamento te\u00f3rico, aplica\u00e7\u00e3o e execu\u00e7\u00e3o pr\u00e1tica, que prepara o profissional para lidar estrategicamente com os desafios da \u00e1rea comercial, tais como demandas relacionadas \u00e0 venda, comunica\u00e7\u00e3o e consumo, sem se esquecer do aspecto relacionado \u00e0 lideran\u00e7a.<\/p>\n<p><strong>Qual \u00e9 a import\u00e2ncia deste tema?<\/strong><br \/>\nAtualmente, a concorr\u00eancia \u00e9 um tema recorrente nas mais diversas \u00e1reas, o que n\u00e3o \u00e9 diferente para o varejo. Por isso, quem estiver bem preparado para uma \u00e1rea t\u00e3o concorrida seguramente sair\u00e1 na frente na busca pelo crescimento pessoal e, principalmente, profissional.<\/p>\n<p><strong>O que se espera de um profissional\u00a0da \u00e1rea?<\/strong><br \/>\nEspera-se que ele saiba lidar com os mais diferentes p\u00fablicos: profissionais, clientes, fornecedores, de maneira estrat\u00e9gica.<\/p>\n<p><strong>Esta p\u00f3s-gradua\u00e7\u00e3o contribui\u00a0para a vida profissional?<\/strong><br \/>\nMuito! Principalmente se voc\u00ea est\u00e1 inserido no ramo varejista. Se voc\u00ea ainda n\u00e3o est\u00e1 inserido na \u00e1rea, \u00e9 uma \u00f3tima capacita\u00e7\u00e3o para um futuro ingresso no ramo.<\/p>\n<p><strong>Quais s\u00e3o as poss\u00edveis \u00e1reas de atua\u00e7\u00e3o para este especialista?<\/strong><br \/>\nAs principais \u00e1reas de atua\u00e7\u00e3o s\u00e3o:<\/p>\n<ul>\n<li>Gest\u00e3o do varejo;<\/li>\n<li>Exercer atividades em cargos de ger\u00eancia;<\/li>\n<li>Prestar consultoria na \u00e1rea.<\/li>\n<\/ul>\n<p><strong>A\u00a0quem \u00e9 direcionado\u00a0o curso?<\/strong><br \/>\nA gestores, gerentes e supervisores que atuam na \u00e1rea comercial, principalmente, com forma\u00e7\u00e3o superior em qualquer \u00e1rea.<\/p>\n<h4>Quer conhecer mais a\u00a0p\u00f3s-gradua\u00e7\u00e3o em Gest\u00e3o Estrat\u00e9gica do Varejo?<\/h4>\n<p>Visite o site do Universo EAD e fique por dentro das vantagens.<\/p>\n\n\n<div class=\"kk-star-ratings kksr-auto kksr-align-left kksr-valign-bottom\"\n    data-payload='{&quot;align&quot;:&quot;left&quot;,&quot;id&quot;:&quot;7795&quot;,&quot;slug&quot;:&quot;default&quot;,&quot;valign&quot;:&quot;bottom&quot;,&quot;ignore&quot;:&quot;&quot;,&quot;reference&quot;:&quot;auto&quot;,&quot;class&quot;:&quot;&quot;,&quot;count&quot;:&quot;0&quot;,&quot;legendonly&quot;:&quot;&quot;,&quot;readonly&quot;:&quot;&quot;,&quot;score&quot;:&quot;0&quot;,&quot;starsonly&quot;:&quot;&quot;,&quot;best&quot;:&quot;5&quot;,&quot;gap&quot;:&quot;5&quot;,&quot;greet&quot;:&quot;Avalie este post&quot;,&quot;legend&quot;:&quot;0\\\/5 - (0 votes)&quot;,&quot;size&quot;:&quot;24&quot;,&quot;title&quot;:&quot;P\\u00f3s-gradua\\u00e7\\u00e3o em Gest\\u00e3o Estrat\\u00e9gica do Varejo&quot;,&quot;width&quot;:&quot;0&quot;,&quot;_legend&quot;:&quot;{score}\\\/{best} - ({count} {votes})&quot;,&quot;font_factor&quot;:&quot;1.25&quot;}'>\n            \n<div class=\"kksr-stars\">\n    \n<div class=\"kksr-stars-inactive\">\n            <div class=\"kksr-star\" data-star=\"1\" style=\"padding-right: 5px\">\n            \n\n<div class=\"kksr-icon\" style=\"width: 24px; height: 24px;\"><\/div>\n        <\/div>\n            <div class=\"kksr-star\" data-star=\"2\" style=\"padding-right: 5px\">\n            \n\n<div class=\"kksr-icon\" style=\"width: 24px; height: 24px;\"><\/div>\n        <\/div>\n            <div class=\"kksr-star\" data-star=\"3\" style=\"padding-right: 5px\">\n            \n\n<div class=\"kksr-icon\" style=\"width: 24px; height: 24px;\"><\/div>\n        <\/div>\n            <div class=\"kksr-star\" data-star=\"4\" style=\"padding-right: 5px\">\n            \n\n<div class=\"kksr-icon\" style=\"width: 24px; height: 24px;\"><\/div>\n        <\/div>\n            <div class=\"kksr-star\" data-star=\"5\" style=\"padding-right: 5px\">\n            \n\n<div class=\"kksr-icon\" style=\"width: 24px; height: 24px;\"><\/div>\n        <\/div>\n    <\/div>\n    \n<div class=\"kksr-stars-active\" style=\"width: 0px;\">\n            <div class=\"kksr-star\" style=\"padding-right: 5px\">\n            \n\n<div class=\"kksr-icon\" style=\"width: 24px; height: 24px;\"><\/div>\n        <\/div>\n            <div class=\"kksr-star\" style=\"padding-right: 5px\">\n            \n\n<div class=\"kksr-icon\" style=\"width: 24px; height: 24px;\"><\/div>\n        <\/div>\n            <div class=\"kksr-star\" style=\"padding-right: 5px\">\n            \n\n<div class=\"kksr-icon\" style=\"width: 24px; height: 24px;\"><\/div>\n        <\/div>\n            <div class=\"kksr-star\" style=\"padding-right: 5px\">\n            \n\n<div class=\"kksr-icon\" style=\"width: 24px; height: 24px;\"><\/div>\n        <\/div>\n            <div class=\"kksr-star\" style=\"padding-right: 5px\">\n            \n\n<div class=\"kksr-icon\" style=\"width: 24px; height: 24px;\"><\/div>\n        <\/div>\n    <\/div>\n<\/div>\n                \n\n<div class=\"kksr-legend\" style=\"font-size: 19.2px;\">\n            <span class=\"kksr-muted\">Avalie este post<\/span>\n    <\/div>\n    <\/div>\n","protected":false},"excerpt":{"rendered":"<p>Por:\u00a0Yony Brugnolo Alves Voc\u00ea tem interesse em cursar\u00a0 uma p\u00f3s-gradua\u00e7\u00e3o em Gest\u00e3o Estrat\u00e9gica do Varejo e n\u00e3o conhece os detalhes deste curso? Fique por dentro das principais d\u00favidas. O que \u00e9\u00a0p\u00f3s-gradua\u00e7\u00e3o em Gest\u00e3o Estrat\u00e9gica do Varejo? \u00c9 um curso com s\u00f3lido embasamento te\u00f3rico, aplica\u00e7\u00e3o e execu\u00e7\u00e3o pr\u00e1tica, que prepara o profissional para lidar estrategicamente com [&hellip;]<\/p>\n","protected":false},"author":6,"featured_media":7796,"comment_status":"open","ping_status":"open","sticky":false,"template":"","format":"standard","meta":[],"categories":[110],"tags":[116,348],"_links":{"self":[{"href":"https:\/\/www.unicesumar.edu.br\/blog\/wp-json\/wp\/v2\/posts\/7795"}],"collection":[{"href":"https:\/\/www.unicesumar.edu.br\/blog\/wp-json\/wp\/v2\/posts"}],"about":[{"href":"https:\/\/www.unicesumar.edu.br\/blog\/wp-json\/wp\/v2\/types\/post"}],"author":[{"embeddable":true,"href":"https:\/\/www.unicesumar.edu.br\/blog\/wp-json\/wp\/v2\/users\/6"}],"replies":[{"embeddable":true,"href":"https:\/\/www.unicesumar.edu.br\/blog\/wp-json\/wp\/v2\/comments?post=7795"}],"version-history":[{"count":5,"href":"https:\/\/www.unicesumar.edu.br\/blog\/wp-json\/wp\/v2\/posts\/7795\/revisions"}],"predecessor-version":[{"id":14842,"href":"https:\/\/www.unicesumar.edu.br\/blog\/wp-json\/wp\/v2\/posts\/7795\/revisions\/14842"}],"wp:featuredmedia":[{"embeddable":true,"href":"https:\/\/www.unicesumar.edu.br\/blog\/wp-json\/wp\/v2\/media\/7796"}],"wp:attachment":[{"href":"https:\/\/www.unicesumar.edu.br\/blog\/wp-json\/wp\/v2\/media?parent=7795"}],"wp:term":[{"taxonomy":"category","embeddable":true,"href":"https:\/\/www.unicesumar.edu.br\/blog\/wp-json\/wp\/v2\/categories?post=7795"},{"taxonomy":"post_tag","embeddable":true,"href":"https:\/\/www.unicesumar.edu.br\/blog\/wp-json\/wp\/v2\/tags?post=7795"}],"curies":[{"name":"wp","href":"https:\/\/api.w.org\/{rel}","templated":true}]}}