{"id":8546,"date":"2019-05-31T16:21:11","date_gmt":"2019-05-31T19:21:11","guid":{"rendered":"https:\/\/www.unicesumar.edu.br\/blog\/?p=8546"},"modified":"2025-10-24T15:07:51","modified_gmt":"2025-10-24T18:07:51","slug":"letras-ead","status":"publish","type":"post","link":"https:\/\/www.unicesumar.edu.br\/blog\/letras-ead\/","title":{"rendered":"Letras EAD: saiba tudo sobre essa gradua\u00e7\u00e3o"},"content":{"rendered":"\n<p><span style=\"font-weight: 400;\">A comunica\u00e7\u00e3o \u00e9 a nossa forma de interagir com outras pessoas e seres ao nosso redor. A fala, a escrita e a leitura s\u00e3o essenciais para que possamos viver em sociedade. Voc\u00ea tem vontade de mergulhar no mundo dos idiomas? Com o curso de Letras EAD, isso \u00e9 poss\u00edvel!<\/span><\/p>\n\n\n\n<p><span style=\"font-weight: 400;\">Essa gradua\u00e7\u00e3o traz uma abordagem completa e que ainda \u00e9 capaz de dar origem a multiplicadores de conhecimento. Para melhorar, uma gradua\u00e7\u00e3o a dist\u00e2ncia traz v\u00e1rios benef\u00edcios.<\/span><\/p>\n\n\n\n<p><span style=\"font-weight: 400;\">Ficou curioso? Continue a leitura e saiba tudo sobre o curso de Letras EAD!<\/span><\/p>\n\n\n\n<h2><b>Afinal, como \u00e9 a gradua\u00e7\u00e3o em Letras EAD?<\/b><\/h2>\n\n\n\n<p><span style=\"font-weight: 400;\">O curso de Letras EAD \u00e9 voltado para o estudo sobre o idioma, suas caracter\u00edsticas, origens e uso na literatura. A produ\u00e7\u00e3o textual tamb\u00e9m entra no curso, assim como a gram\u00e1tica e as quest\u00f5es lingu\u00edsticas. Mais que conhecer as regras de escrita e fala, o objetivo \u00e9 entender essa base importante de qualquer sociedade.<\/span><\/p>\n\n\n\n<p><span style=\"font-weight: 400;\">Como a gradua\u00e7\u00e3o \u00e9 uma<\/span><a href=\"https:\/\/www.unicesumar.edu.br\/blog\/saiba-diferenca-entre-curso-superior-tecnologo-bacharel-e-licenciatura\/\"> <span style=\"font-weight: 400;\">licenciatura<\/span><\/a><span style=\"font-weight: 400;\">, forma profissionais aptos a ensinar. Ao concluir a gradua\u00e7\u00e3o, voc\u00ea tem a chance de ser professor em diversas \u00e1reas. Se desejar, tamb\u00e9m pode se dedicar \u00e0 produ\u00e7\u00e3o de conhecimento, de textos e assim por diante.<\/span><\/p>\n\n\n\n<p><span style=\"font-weight: 400;\">Quem ingressa nessa gradua\u00e7\u00e3o pode trabalhar com um outro idioma.<\/span><\/p>\n\n\n\n<p><span style=\"font-weight: 400;\">Uma possibilidade de Portugu\u00eas\/Ingl\u00eas, por exemplo, n\u00e3o aborda apenas a l\u00edngua falada no Brasil. Na verdade, voc\u00ea se torna capaz de entender a estrutura da l\u00edngua inglesa. T\u00e3o conhecedor a ponto de se tornar professor desse segundo idioma.<\/span><\/p>\n\n\n\n<p><span style=\"font-weight: 400;\">No entanto, vale ter aten\u00e7\u00e3o. A gradua\u00e7\u00e3o de Letras Portugu\u00eas\/Ingl\u00eas n\u00e3o \u00e9 um cursinho para aprender a falar outra l\u00edngua. \u00c9 preciso j\u00e1 ter base para se aprofundar no tema e entender as caracter\u00edsticas.<\/span><\/p>\n\n\n\n<h2><b>Quais s\u00e3o as principais disciplinas do curso de Letras EAD?<\/b><\/h2>\n\n\n\n<p><span style=\"font-weight: 400;\">Mas como \u00e9 poss\u00edvel estudar algo t\u00e3o complexo e relevante como um idioma completo?<\/span><\/p>\n\n\n\n<p><span style=\"font-weight: 400;\">Em um curso de destaque, a matriz curricular \u00e9 distribu\u00edda de modo a garantir o conhecimento necess\u00e1rio sobre os temas que mais importam.<\/span><\/p>\n\n\n\n<p><span style=\"font-weight: 400;\">Quer ver? Confira as disciplinas do curso de Letras EAD e veja qual \u00e9 a abordagem de cada assunto!<\/span><\/p>\n\n\n\n<h3><b>Lingu\u00edstica I e II<\/b><\/h3>\n\n\n\n<p><span style=\"font-weight: 400;\">Mais que apenas normas gramaticais ou regras espec\u00edficas, essas disciplinas abordam a linguagem como um organismo vivo.<\/span><\/p>\n\n\n\n<p><span style=\"font-weight: 400;\">Nos dois m\u00f3dulos, d\u00e1 para entender o que impacta a comunica\u00e7\u00e3o verbal, quais s\u00e3o os fatores de destaque e o que gera a evolu\u00e7\u00e3o do idioma. Tamb\u00e9m \u00e9 um tema que envolve as diversas varia\u00e7\u00f5es, como g\u00edrias e sotaques.<\/span><\/p>\n\n\n\n<h3><b>L\u00edngua Portuguesa I, II e III<\/b><\/h3>\n\n\n\n<p><span style=\"font-weight: 400;\">No curso de Letras EAD, \u00e9 \u00f3bvio que o foco no idioma nativo do Brasil receberia a maior aten\u00e7\u00e3o. Os tr\u00eas m\u00f3dulos incluem tudo sobre a nossa l\u00edngua: origens e composi\u00e7\u00f5es de palavras, regras, classifica\u00e7\u00f5es de termos e assim por diante. <\/span><\/p>\n\n\n\n<h3><b>L\u00edngua Inglesa I e II<\/b><\/h3>\n\n\n\n<p><span style=\"font-weight: 400;\">Na gradua\u00e7\u00e3o Portugu\u00eas\/Ingl\u00eas, o segundo idioma recebe uma aten\u00e7\u00e3o equivalente. Esses dois m\u00f3dulos ficam respons\u00e1veis por se aprofundar na l\u00edngua, com suas origens, defini\u00e7\u00f5es e constru\u00e7\u00f5es principais.<\/span><\/p>\n\n\n\n<h3><b>Produ\u00e7\u00e3o Textual I e II<\/b><\/h3>\n\n\n\n<p><span style=\"font-weight: 400;\">N\u00e3o d\u00e1 para negar que o idioma tamb\u00e9m est\u00e1 presente nos diferentes g\u00eaneros textuais. Mat\u00e9rias jornal\u00edsticas, contos de fantasia e poesias utilizam os recursos da l\u00edngua.<\/span><\/p>\n\n\n\n<p><span style=\"font-weight: 400;\">Por isso, a disciplina aborda a produ\u00e7\u00e3o textual com as regras e caracter\u00edsticas de cada possibilidade, al\u00e9m de como coloc\u00e1-las em pr\u00e1tica.<\/span><\/p>\n\n\n\n<h3><b>Teoria da Literatura<\/b><\/h3>\n\n\n\n<p><span style=\"font-weight: 400;\">Voc\u00ea sabia que a Literatura nem sempre existiu como hoje? O processo evolutivo foi longo e ainda continua a acontecer. O estudo da teoria traz embasamento cient\u00edfico e permite compreender como isso influencia e \u00e9 influenciado pelo idioma.<\/span><\/p>\n\n\n\n<div class=\"wp-block-image\"><figure class=\"alignleft\"><img loading=\"lazy\" width=\"1000\" height=\"667\" src=\"https:\/\/www.unicesumar.edu.br\/blog\/wp-content\/uploads\/2019\/05\/letras-ead-literatura.jpg\" alt=\"Letras EAD - literatura\" class=\"wp-image-8548\" srcset=\"https:\/\/www.unicesumar.edu.br\/blog\/wp-content\/uploads\/2019\/05\/letras-ead-literatura.jpg 1000w, https:\/\/www.unicesumar.edu.br\/blog\/wp-content\/uploads\/2019\/05\/letras-ead-literatura-300x200.jpg 300w, https:\/\/www.unicesumar.edu.br\/blog\/wp-content\/uploads\/2019\/05\/letras-ead-literatura-768x512.jpg 768w, https:\/\/www.unicesumar.edu.br\/blog\/wp-content\/uploads\/2019\/05\/letras-ead-literatura-800x533.jpg 800w, https:\/\/www.unicesumar.edu.br\/blog\/wp-content\/uploads\/2019\/05\/letras-ead-literatura-380x253.jpg 380w\" sizes=\"(max-width: 1000px) 100vw, 1000px\" \/><\/figure><\/div>\n\n\n\n<h3><b>Literatura Brasileira<\/b><\/h3>\n\n\n\n<p><span style=\"font-weight: 400;\">Como a cria\u00e7\u00e3o textual \u00e9 t\u00e3o importante, tamb\u00e9m existe um estudo direcionado \u00e0 produ\u00e7\u00e3o liter\u00e1ria. As figuras de linguagem, a interpreta\u00e7\u00e3o de texto e at\u00e9 a evolu\u00e7\u00e3o da escrita est\u00e3o presentes nas diversas fases da literatura no Brasil. Todos esses pontos s\u00e3o explorados nessa mat\u00e9ria.<\/span><\/p>\n\n\n\n<h3><b>Literaturas em L\u00edngua Inglesa I e II<\/b><\/h3>\n\n\n\n<p><span style=\"font-weight: 400;\">\u201cSer ou n\u00e3o ser, eis a quest\u00e3o\u201d. A c\u00e9lebre frase de William Shakespeare \u00e9 uma das frases mais conhecidas de origem inglesa.<\/span><\/p>\n\n\n\n<p><span style=\"font-weight: 400;\">No entanto, para al\u00e9m de Shakespeare, a literatura nesse idioma tem muito a oferecer \u2014 e a disciplina apresenta exatamente isso. Em meio \u00e0s renomadas obras, \u00e9 poss\u00edvel entender a produ\u00e7\u00e3o textual de outro \u00e2ngulo.<\/span><\/p>\n\n\n\n<h3><b>Literatura Portuguesa e Pa\u00edses Lus\u00f3fonos<\/b><\/h3>\n\n\n\n<p><span style=\"font-weight: 400;\">N\u00e3o \u00e9 s\u00f3 o Brasil que produz literatura em portugu\u00eas. Os pa\u00edses lus\u00f3fonos \u2014 sim, os mesmos que elaboraram o<\/span><a href=\"http:\/\/g1.globo.com\/educacao\/blog\/dicas-de-portugues\/post\/relembre-principais-mudancas-com-o-novo-acordo-ortografico.html\"> <span style=\"font-weight: 400;\">Novo Acordo Ortogr\u00e1fico<\/span><\/a><span style=\"font-weight: 400;\"> \u2014 tamb\u00e9m t\u00eam suas obras exploradas nessa disciplina.<\/span><\/p>\n\n\n\n<p><span style=\"font-weight: 400;\">Al\u00e9m dessas, h\u00e1 mat\u00e9rias ligadas \u00e0 did\u00e1tica e ao processo educacional. Veja quais s\u00e3o:<\/span><\/p>\n\n\n\n<ul><li style=\"font-weight: 400;\"><span style=\"font-weight: 400;\">Fundamentos Sociol\u00f3gicos e Antropol\u00f3gicos da Educa\u00e7\u00e3o;<\/span><\/li><li style=\"font-weight: 400;\"><span style=\"font-weight: 400;\">Pol\u00edticas Educacionais e Organiza\u00e7\u00e3o da Educa\u00e7\u00e3o B\u00e1sica;<\/span><\/li><li style=\"font-weight: 400;\"><span style=\"font-weight: 400;\">Fundamentos Hist\u00f3ricos e Filos\u00f3ficos da Educa\u00e7\u00e3o;<\/span><\/li><li style=\"font-weight: 400;\"><span style=\"font-weight: 400;\">Did\u00e1tica;<\/span><\/li><li style=\"font-weight: 400;\"><span style=\"font-weight: 400;\">Psicologia da Educa\u00e7\u00e3o; <\/span><\/li><li style=\"font-weight: 400;\"><span style=\"font-weight: 400;\">E Forma\u00e7\u00e3o Sociocultural e \u00c9tica I e II.<\/span><\/li><\/ul>\n\n\n\n<p><span style=\"font-weight: 400;\">E para garantir a forma\u00e7\u00e3o de profissionais completos e preparados para os desafios em sala de aula, o curso de Letras ainda traz as seguintes mat\u00e9rias:<\/span><\/p>\n\n\n\n<ul><li style=\"font-weight: 400;\"><span style=\"font-weight: 400;\">Pr\u00e1tica de Ensino da L\u00edngua Portuguesa I;<\/span><\/li><li style=\"font-weight: 400;\"><span style=\"font-weight: 400;\">Est\u00e1gio Supervisionado Teoria e Pr\u00e1tica;<\/span><\/li><li style=\"font-weight: 400;\"><span style=\"font-weight: 400;\">Est\u00e1gio Supervisionado da L\u00edngua Portuguesa I;<\/span><\/li><li style=\"font-weight: 400;\"><span style=\"font-weight: 400;\">Est\u00e1gio Supervisionado da L\u00edngua Portuguesa II;<\/span><\/li><li style=\"font-weight: 400;\"><span style=\"font-weight: 400;\">Pr\u00e1tica de Ensino da L\u00edngua Inglesa I;<\/span><\/li><li style=\"font-weight: 400;\"><span style=\"font-weight: 400;\">Pr\u00e1tica de Ensino da L\u00edngua Portuguesa II;<\/span><\/li><li style=\"font-weight: 400;\"><span style=\"font-weight: 400;\">Pr\u00e1tica de Ensino da L\u00edngua Inglesa II; <\/span><\/li><li style=\"font-weight: 400;\"><span style=\"font-weight: 400;\">E Est\u00e1gio Supervisionado da L\u00edngua Inglesa.<\/span><\/li><\/ul>\n\n\n\n<h2><b>Como \u00e9 a modalidade EAD?<\/b><\/h2>\n\n\n\n<p><span style=\"font-weight: 400;\">A gradua\u00e7\u00e3o em Letras n\u00e3o precisa ser feita apenas de forma presencial. A modalidade EAD j\u00e1 foi escolhida por quase<\/span><a href=\"http:\/\/agenciabrasil.ebc.com.br\/educacao\/noticia\/2018-09\/educacao-distancia-cresce-176-em-2017-maior-salto-desde-2008\"> <span style=\"font-weight: 400;\">2 milh\u00f5es de estudantes<\/span><\/a><span style=\"font-weight: 400;\"> e \u00e9 muito vantajosa. O principal benef\u00edcio \u00e9 a flexibilidade: com o<\/span> <span style=\"font-weight: 400;\">ensino a dist\u00e2ncia, \u00e9 poss\u00edvel estudar onde e quando voc\u00ea desejar.<\/span><\/p>\n\n\n\n<p><span style=\"font-weight: 400;\">Tamb\u00e9m h\u00e1 todo o suporte essencial: biblioteca e materiais digitais, tutores e ambientes para a troca de experi\u00eancias. Se preferir, d\u00e1 para ir a um<\/span><a href=\"https:\/\/www.unicesumar.edu.br\/blog\/polo-ead-o-que-e-e-para-que-serve\/\"> <span style=\"font-weight: 400;\">polo EAD<\/span><\/a><span style=\"font-weight: 400;\"> e utilizar toda a estrutura f\u00edsica.<\/span><\/p>\n\n\n\n<p><span style=\"font-weight: 400;\">Ao concluir o curso, voc\u00ea <\/span><a href=\"https:\/\/www.unicesumar.edu.br\/blog\/valor-do-diploma-ead-para-o-mercado\/\"><span style=\"font-weight: 400;\">obt\u00e9m o diploma<\/span><\/a><span style=\"font-weight: 400;\">, que tem a mesma validade de uma forma\u00e7\u00e3o presencial e<\/span><span style=\"font-weight: 400;\"> necess\u00e1rio para exercer o magist\u00e9rio. Ent\u00e3o, esse \u00e9 uma \u00f3tima forma de estudar e se graduar mesmo sem sair de casa.<\/span><\/p>\n\n\n\n<h2><b>Letras EAD: forma\u00e7\u00e3o completa para o mercado<\/b><\/h2>\n\n\n\n<p><span style=\"font-weight: 400;\">O curso de Letras EAD \u00e9 a oportunidade perfeita para aprender sobre a L\u00edngua Portuguesa e, tamb\u00e9m, sobre a Inglesa. Com a licenciatura, voc\u00ea pode atuar para ensinar os dois idiomas \u2014 e com total facilidade durante a gradua\u00e7\u00e3o.<\/span><\/p>\n\n\n\n<p><b>Gostou dessa possibilidade?<\/b><a href=\"https:\/\/www.unicesumar.edu.br\/ead\/cursos-graduacao\/letras-portugues-ingles\/\"> <b>Conhe\u00e7a o curso da Unicesumar<\/b><\/a><b> e prepare-se para uma nova carreira!<\/b><\/p>\n\n\n\n<div class=\"wp-block-image\"><figure class=\"alignleft\"><a href=\"https:\/\/conteudo.unicesumar.edu.br\/formados-em-cursos-ead\"><img loading=\"lazy\" width=\"843\" height=\"304\" src=\"https:\/\/www.unicesumar.edu.br\/blog\/wp-content\/uploads\/2017\/07\/cta6.png\" alt=\"Letras EAD - CTA1\" class=\"wp-image-5229\" srcset=\"https:\/\/www.unicesumar.edu.br\/blog\/wp-content\/uploads\/2017\/07\/cta6.png 843w, https:\/\/www.unicesumar.edu.br\/blog\/wp-content\/uploads\/2017\/07\/cta6-300x108.png 300w, https:\/\/www.unicesumar.edu.br\/blog\/wp-content\/uploads\/2017\/07\/cta6-768x277.png 768w\" sizes=\"(max-width: 843px) 100vw, 843px\" \/><\/a><\/figure><\/div>\n\n\n<div class=\"kk-star-ratings kksr-auto kksr-align-left kksr-valign-bottom\"\n    data-payload='{&quot;align&quot;:&quot;left&quot;,&quot;id&quot;:&quot;8546&quot;,&quot;slug&quot;:&quot;default&quot;,&quot;valign&quot;:&quot;bottom&quot;,&quot;ignore&quot;:&quot;&quot;,&quot;reference&quot;:&quot;auto&quot;,&quot;class&quot;:&quot;&quot;,&quot;count&quot;:&quot;0&quot;,&quot;legendonly&quot;:&quot;&quot;,&quot;readonly&quot;:&quot;&quot;,&quot;score&quot;:&quot;0&quot;,&quot;starsonly&quot;:&quot;&quot;,&quot;best&quot;:&quot;5&quot;,&quot;gap&quot;:&quot;5&quot;,&quot;greet&quot;:&quot;Avalie este post&quot;,&quot;legend&quot;:&quot;0\\\/5 - (0 votes)&quot;,&quot;size&quot;:&quot;24&quot;,&quot;title&quot;:&quot;Letras EAD: saiba tudo sobre essa gradua\\u00e7\\u00e3o&quot;,&quot;width&quot;:&quot;0&quot;,&quot;_legend&quot;:&quot;{score}\\\/{best} - ({count} {votes})&quot;,&quot;font_factor&quot;:&quot;1.25&quot;}'>\n            \n<div class=\"kksr-stars\">\n    \n<div class=\"kksr-stars-inactive\">\n            <div class=\"kksr-star\" data-star=\"1\" style=\"padding-right: 5px\">\n            \n\n<div class=\"kksr-icon\" style=\"width: 24px; height: 24px;\"><\/div>\n        <\/div>\n            <div class=\"kksr-star\" data-star=\"2\" style=\"padding-right: 5px\">\n            \n\n<div class=\"kksr-icon\" style=\"width: 24px; height: 24px;\"><\/div>\n        <\/div>\n            <div class=\"kksr-star\" data-star=\"3\" style=\"padding-right: 5px\">\n            \n\n<div class=\"kksr-icon\" style=\"width: 24px; height: 24px;\"><\/div>\n        <\/div>\n            <div class=\"kksr-star\" data-star=\"4\" style=\"padding-right: 5px\">\n            \n\n<div class=\"kksr-icon\" style=\"width: 24px; height: 24px;\"><\/div>\n        <\/div>\n            <div class=\"kksr-star\" data-star=\"5\" style=\"padding-right: 5px\">\n            \n\n<div class=\"kksr-icon\" style=\"width: 24px; height: 24px;\"><\/div>\n        <\/div>\n    <\/div>\n    \n<div class=\"kksr-stars-active\" style=\"width: 0px;\">\n            <div class=\"kksr-star\" style=\"padding-right: 5px\">\n            \n\n<div class=\"kksr-icon\" style=\"width: 24px; height: 24px;\"><\/div>\n        <\/div>\n            <div class=\"kksr-star\" style=\"padding-right: 5px\">\n            \n\n<div class=\"kksr-icon\" style=\"width: 24px; height: 24px;\"><\/div>\n        <\/div>\n            <div class=\"kksr-star\" style=\"padding-right: 5px\">\n            \n\n<div class=\"kksr-icon\" style=\"width: 24px; height: 24px;\"><\/div>\n        <\/div>\n            <div class=\"kksr-star\" style=\"padding-right: 5px\">\n            \n\n<div class=\"kksr-icon\" style=\"width: 24px; height: 24px;\"><\/div>\n        <\/div>\n            <div class=\"kksr-star\" style=\"padding-right: 5px\">\n            \n\n<div class=\"kksr-icon\" style=\"width: 24px; height: 24px;\"><\/div>\n        <\/div>\n    <\/div>\n<\/div>\n                \n\n<div class=\"kksr-legend\" style=\"font-size: 19.2px;\">\n            <span class=\"kksr-muted\">Avalie este post<\/span>\n    <\/div>\n    <\/div>\n","protected":false},"excerpt":{"rendered":"<p>A comunica\u00e7\u00e3o \u00e9 a nossa forma de interagir com outras pessoas e seres ao nosso redor. A fala, a escrita e a leitura s\u00e3o essenciais para que possamos viver em sociedade. Voc\u00ea tem vontade de mergulhar no mundo dos idiomas? Com o curso de Letras EAD, isso \u00e9 poss\u00edvel! Essa gradua\u00e7\u00e3o traz uma abordagem completa [&hellip;]<\/p>\n","protected":false},"author":6,"featured_media":8564,"comment_status":"open","ping_status":"open","sticky":false,"template":"","format":"standard","meta":[],"categories":[706],"tags":[571,433,572],"_links":{"self":[{"href":"https:\/\/www.unicesumar.edu.br\/blog\/wp-json\/wp\/v2\/posts\/8546"}],"collection":[{"href":"https:\/\/www.unicesumar.edu.br\/blog\/wp-json\/wp\/v2\/posts"}],"about":[{"href":"https:\/\/www.unicesumar.edu.br\/blog\/wp-json\/wp\/v2\/types\/post"}],"author":[{"embeddable":true,"href":"https:\/\/www.unicesumar.edu.br\/blog\/wp-json\/wp\/v2\/users\/6"}],"replies":[{"embeddable":true,"href":"https:\/\/www.unicesumar.edu.br\/blog\/wp-json\/wp\/v2\/comments?post=8546"}],"version-history":[{"count":3,"href":"https:\/\/www.unicesumar.edu.br\/blog\/wp-json\/wp\/v2\/posts\/8546\/revisions"}],"predecessor-version":[{"id":14469,"href":"https:\/\/www.unicesumar.edu.br\/blog\/wp-json\/wp\/v2\/posts\/8546\/revisions\/14469"}],"wp:featuredmedia":[{"embeddable":true,"href":"https:\/\/www.unicesumar.edu.br\/blog\/wp-json\/wp\/v2\/media\/8564"}],"wp:attachment":[{"href":"https:\/\/www.unicesumar.edu.br\/blog\/wp-json\/wp\/v2\/media?parent=8546"}],"wp:term":[{"taxonomy":"category","embeddable":true,"href":"https:\/\/www.unicesumar.edu.br\/blog\/wp-json\/wp\/v2\/categories?post=8546"},{"taxonomy":"post_tag","embeddable":true,"href":"https:\/\/www.unicesumar.edu.br\/blog\/wp-json\/wp\/v2\/tags?post=8546"}],"curies":[{"name":"wp","href":"https:\/\/api.w.org\/{rel}","templated":true}]}}